{"id":15,"date":"2025-03-24T09:41:46","date_gmt":"2025-03-24T08:41:46","guid":{"rendered":"http:\/\/sectorteruel.salud.aragon.es\/\/?p=15"},"modified":"2025-04-10T14:01:53","modified_gmt":"2025-04-10T12:01:53","slug":"formacion-e-investigacion","status":"publish","type":"post","link":"https:\/\/sectorteruel.salud.aragon.es\/?p=15","title":{"rendered":"Formaci\u00f3n e Investigaci\u00f3n"},"content":{"rendered":"\n<div class=\"gap-xl contenedor\">\n<div class=\"elsidebar\">\n<nav data-module=\"c-menu-vertical\" aria-label=\"Menu vertical\" class=\"sidebar-entradas\">\n  <ul class=\"text-base\">\n    <li class=\"my-base break-inside-avoid-column\">\n      <a id=\"parent-example-item-1\" href=\"https:\/\/sectorteruel.salud.aragon.es\/?p=15\" class=\"block px-xs  focus:bg-warning-base focus:outline-none focus:shadow-outline-focus focus:text-black hover:text-primary-base hover:underline\">\n        <strong>Formaci\u00f3n<\/strong>\n      <\/a>\n      <ul aria-labelledby=\"parent-example-item-1\" class=\"ul-circulo\">\n        <li class=\"m-base origin-top-left text-sm\">\n          <a id=\"sub-parent-example-item-1-1\" href=\"https:\/\/sectorteruel.salud.aragon.es\/?p=531\" class=\"block px-xs hover:text-primary-base hover:underline focus:bg-warning-base focus:outline-none focus:shadow-outline-focus focus:text-black\">\n            Formaci\u00f3n MIR\n          <\/a>\n        <\/li>\n        <li class=\"m-base origin-top-left text-sm\">\n          <a id=\"sub-parent-example-item-1-2\" href=\"https:\/\/sectorteruel.salud.aragon.es\/?p=533\" class=\"block px-xs hover:text-primary-base hover:underline focus:bg-warning-base focus:outline-none focus:shadow-outline-focus focus:text-black\">\n            Formaci\u00f3n Pregrado\n          <\/a>\n        <\/li>\n        <li class=\"m-base origin-top-left text-sm\">\n          <a id=\"sub-parent-example-item-1-3\" href=\"https:\/\/sectorteruel.salud.aragon.es\/?p=535\" class=\"block px-xs hover:text-primary-base hover:underline focus:bg-warning-base focus:outline-none focus:shadow-outline-focus focus:text-black\">\n            Memorias de Formaci\u00f3n\n          <\/a>\n        <\/li>\n      <\/ul>\n    <\/li>\n  <\/ul>\n  <ul class=\"text-base\">\n    <li class=\"my-base break-inside-avoid-column\">\n      <a id=\"parent-example-item-1\" href=\"https:\/\/sectorteruel.salud.aragon.es\/?p=537\" class=\"block px-xs  focus:bg-warning-base focus:outline-none focus:shadow-outline-focus focus:text-black hover:text-primary-base hover:underline\">\n        Investigaci\u00f3n\n      <\/a>\n<\/ul>\n  <ul class=\"text-base\">\n    <li class=\"my-base break-inside-avoid-column\">\n      <a id=\"parent-example-item-1\" href=\"https:\/\/sectorteruel.salud.aragon.es\/?p=539\" class=\"block px-xs  focus:bg-warning-base focus:outline-none focus:shadow-outline-focus focus:text-black hover:text-primary-base hover:underline\">\n     Programa FOCUSS\n      <\/a>\n<\/ul>\n  <ul class=\"text-base\">\n    <li class=\"my-base break-inside-avoid-column\">\n      <a id=\"parent-example-item-1\" href=\"https:\/\/sectorteruel.salud.aragon.es\/?p=541\" class=\"block px-xs  focus:bg-warning-base focus:outline-none focus:shadow-outline-focus focus:text-black hover:text-primary-base hover:underline\">\n     Jornadas cient\u00edficas\n      <\/a>\n<\/ul>\n<\/nav>\n<\/div>\n<!-- Principio del contenido -->\n<div class=\"elcontenido\">\n<div class=\"titulos\">\n\n<h2 class=\"wp-block-heading has-large-font-size\" style=\"color: #164969;\">Formaci\u00f3n<\/h2>\n\n<\/div>\n\n\n<p><a href=\"https:\/\/sectorteruel.salud.aragon.es\/\/2025\/03\/26\/formacion-mir\/\">Formaci\u00f3n MIR<\/a><\/p>\n\n\n\n<p><a href=\"https:\/\/sectorteruel.salud.aragon.es\/\/2025\/03\/26\/formacion-pregrado\/\">Formaci\u00f3n Pregrado: Pr\u00e1cticas de Estudiantes<\/a><\/p>\n\n\n\n<p><a href=\"https:\/\/sectorteruel.salud.aragon.es\/\/2025\/03\/26\/memorias-de-formacion\/\">Memorias de Formaci\u00f3n<\/a><\/p>\n\n<\/div>\n<!-- \/Fin del contenido -->\n\n","protected":false},"excerpt":{"rendered":"<p>Formaci\u00f3n Formaci\u00f3n MIR Formaci\u00f3n Pregrado Memorias de Formaci\u00f3n Investigaci\u00f3n Programa FOCUSS Jornadas cient\u00edficas Formaci\u00f3n Formaci\u00f3n MIR Formaci\u00f3n Pregrado: Pr\u00e1cticas de Estudiantes Memorias de Formaci\u00f3n<\/p>\n","protected":false},"author":1,"featured_media":0,"comment_status":"closed","ping_status":"open","sticky":false,"template":"","format":"standard","meta":{"footnotes":""},"categories":[3,12],"tags":[],"class_list":["post-15","post","type-post","status-publish","format-standard","hentry","category-entradas","category-formacion"],"_links":{"self":[{"href":"https:\/\/sectorteruel.salud.aragon.es\/index.php?rest_route=\/wp\/v2\/posts\/15","targetHints":{"allow":["GET"]}}],"collection":[{"href":"https:\/\/sectorteruel.salud.aragon.es\/index.php?rest_route=\/wp\/v2\/posts"}],"about":[{"href":"https:\/\/sectorteruel.salud.aragon.es\/index.php?rest_route=\/wp\/v2\/types\/post"}],"author":[{"embeddable":true,"href":"https:\/\/sectorteruel.salud.aragon.es\/index.php?rest_route=\/wp\/v2\/users\/1"}],"replies":[{"embeddable":true,"href":"https:\/\/sectorteruel.salud.aragon.es\/index.php?rest_route=%2Fwp%2Fv2%2Fcomments&post=15"}],"version-history":[{"count":9,"href":"https:\/\/sectorteruel.salud.aragon.es\/index.php?rest_route=\/wp\/v2\/posts\/15\/revisions"}],"predecessor-version":[{"id":1163,"href":"https:\/\/sectorteruel.salud.aragon.es\/index.php?rest_route=\/wp\/v2\/posts\/15\/revisions\/1163"}],"wp:attachment":[{"href":"https:\/\/sectorteruel.salud.aragon.es\/index.php?rest_route=%2Fwp%2Fv2%2Fmedia&parent=15"}],"wp:term":[{"taxonomy":"category","embeddable":true,"href":"https:\/\/sectorteruel.salud.aragon.es\/index.php?rest_route=%2Fwp%2Fv2%2Fcategories&post=15"},{"taxonomy":"post_tag","embeddable":true,"href":"https:\/\/sectorteruel.salud.aragon.es\/index.php?rest_route=%2Fwp%2Fv2%2Ftags&post=15"}],"curies":[{"name":"wp","href":"https:\/\/api.w.org\/{rel}","templated":true}]}}