{"id":167,"date":"2025-03-25T08:47:10","date_gmt":"2025-03-25T07:47:10","guid":{"rendered":"http:\/\/sectorteruel.salud.aragon.es\/\/?p=167"},"modified":"2025-05-28T12:28:54","modified_gmt":"2025-05-28T10:28:54","slug":"cartera-de-servicios","status":"publish","type":"post","link":"https:\/\/sectorteruel.salud.aragon.es\/?p=167","title":{"rendered":"Cartera de servicios"},"content":{"rendered":"\n<div class=\"gap-xl contenedor\">\n<div class=\"elsidebar\">\n<nav data-module=\"c-menu-vertical\" aria-label=\"Menu vertical\" class=\"sidebar-entradas\">\n  <ul class=\"text-base\">\n    <li class=\"my-base break-inside-avoid-column\">\n      <a id=\"parent-example-item-1\" href=\"https:\/\/sectorteruel.salud.aragon.es\/?p=6\" class=\"block px-xs  focus:bg-warning-base focus:outline-none focus:shadow-outline-focus focus:text-black hover:text-primary-base hover:underline\">\n       Presentaci\u00f3n\n      <\/a>\n      <ul aria-labelledby=\"parent-example-item-1\" class=\"ul-circulo\">\n        <li class=\"m-base origin-top-left text-sm\">\n          <a id=\"sub-parent-example-item-1-1\" href=\"https:\/\/sectorteruel.salud.aragon.es\/?p=149\" class=\"block px-xs hover:text-primary-base hover:underline focus:bg-warning-base focus:outline-none focus:shadow-outline-focus focus:text-black\">\n            Area de asistencia\n          <\/a>\n        <\/li>\n        <li class=\"m-base origin-top-left text-sm\">\n          <a id=\"sub-parent-example-item-1-2\" href=\"https:\/\/sectorteruel.salud.aragon.es\/?p=165\" class=\"block px-xs hover:text-primary-base hover:underline focus:bg-warning-base focus:outline-none focus:shadow-outline-focus focus:text-black\">\n            Situaci\u00f3n y acceso\n          <\/a>\n        <\/li>\n        <li class=\"m-base origin-top-left text-sm\">\n          <a id=\"sub-parent-example-item-1-3\" href=\"https:\/\/sectorteruel.salud.aragon.es\/?p=167\" class=\"block px-xs hover:text-primary-base hover:underline focus:bg-warning-base focus:outline-none focus:shadow-outline-focus focus:text-black\">\n            <strong>Cartera de servicios<\/strong>\n          <\/a>\n        <\/li>\n        <li class=\"m-base origin-top-left text-sm\">\n          <a id=\"sub-parent-example-item-1-3\" href=\"https:\/\/sectorteruel.salud.aragon.es\/?p=169\" class=\"block px-xs hover:text-primary-base hover:underline focus:bg-warning-base focus:outline-none focus:shadow-outline-focus focus:text-black\">\n            Galer\u00eda fotogr\u00e1fica\n          <\/a>\n        <\/li>\n        <li class=\"m-base origin-top-left text-sm\">\n          <a id=\"sub-parent-example-item-1-3\" href=\"https:\/\/sectorteruel.salud.aragon.es\/?page_id=2444\" class=\"block px-xs hover:text-primary-base hover:underline focus:bg-warning-base focus:outline-none focus:shadow-outline-focus focus:text-black\">\n            Servicio de Farmacia\n          <\/a>\n        <\/li>\n      <\/ul>\n    <\/li>\n  <\/ul>\n<\/nav>\n<\/div>\n<!-- Principio del contenido -->\n<div class=\"elcontenido\">\n<div class=\"titulos\">\n\n<h2 class=\"wp-block-heading has-large-font-size\" style=\"color: #164969;\">Cartera de servicios<\/h2>\n\n<\/div>\n\n\n<figure class=\"wp-block-table\"><table class=\"has-fixed-layout\"><tbody><tr><th colspan=\"2\"><strong>ESPECIALIDADES<\/strong><\/th><th><strong>Hospital<\/strong><\/th><th><strong>Consultas<\/strong><\/th><\/tr><\/tbody><\/table><\/figure>\n\n\n\n<div style=\"color: black;\">\n<figure class=\"wp-block-table\"><table class=\"has-fixed-layout\"><tbody><tr><th colspan=\"3\"><strong>\u00c1REA M\u00c9DICA<\/strong><\/th><\/tr><tr><td><a href=\"https:\/\/sectorteruel.salud.aragon.es\/index.php\/cartera-de-servicios?view=article&amp;id=192:unidad-de-alergologia&amp;catid=19:cartera-de-servicios\"><strong>Alergia<\/strong><\/a><\/td><td><\/td><td><\/td><\/tr><tr><td><strong>Cardiolog\u00eda<\/strong><\/td><td><\/td><td><\/td><\/tr><tr><td>Electrofisiolog\u00eda<\/td><td><\/td><td><\/td><\/tr><tr><td>Hemodin\u00e1mica diagn\u00f3stica<\/td><td>&nbsp;<\/td><td>&nbsp;<\/td><\/tr><tr><td>Hemodin\u00e1mica terap\u00e9utica<\/td><td>&nbsp;<\/td><td>&nbsp;<\/td><\/tr><tr><td><a href=\"https:\/\/sectorteruel.salud.aragon.es\/index.php\/cartera-de-servicios?view=article&amp;id=200:servicio-de-dermatologia&amp;catid=19:cartera-de-servicios\"><strong>Dermatolog\u00eda<\/strong><\/a><\/td><td><\/td><td><\/td><\/tr><tr><td><a href=\"https:\/\/sectorteruel.salud.aragon.es\/index.php\/cartera-de-servicios?view=article&amp;id=193:servicio-de-digestivo&amp;catid=19:cartera-de-servicios\"><strong>Digestivo<\/strong><\/a><\/td><td><\/td><td><\/td><\/tr><tr><td>Unidad de endoscopias<\/td><td><\/td><td><\/td><\/tr><tr><td><strong>Endocrinolog\u00eda y nutrici\u00f3n<\/strong><\/td><td><\/td><td><\/td><\/tr><tr><td><a href=\"https:\/\/sectorteruel.salud.aragon.es\/index.php\/cartera-de-servicios?view=article&amp;id=196:servicio-de-oncologia&amp;catid=19:cartera-de-servicios\"><strong>Oncolog\u00eda<\/strong><\/a><\/td><td>&nbsp;<\/td><td>&nbsp;<\/td><\/tr><tr><td>Oncolog\u00eda m\u00e9dica<\/td><td><\/td><td><\/td><\/tr><tr><td>Oncolog\u00eda pedi\u00e1trica<\/td><td>&nbsp;<\/td><td>&nbsp;<\/td><\/tr><tr><td>Oncolog\u00eda radioter\u00e1pica<\/td><td>&nbsp;<\/td><td>&nbsp;<\/td><\/tr><tr><td><strong>Hematolog\u00eda cl\u00ednica<\/strong><\/td><td><\/td><td><\/td><\/tr><tr><td><a href=\"https:\/\/sectorteruel.salud.aragon.es\/index.php\/cartera-de-servicios?view=article&amp;id=194:servicio-de-medicina-interna&amp;catid=19:cartera-de-servicios\"><strong>Medicina interna<\/strong><\/a><\/td><td><\/td><td><\/td><\/tr><tr><td><a href=\"https:\/\/sectorteruel.salud.aragon.es\/index.php\/cartera-de-servicios?view=article&amp;id=195:servicio-de-nefrologia&amp;catid=19:cartera-de-servicios\"><strong>Nefrolog\u00eda<\/strong><\/a><\/td><td><\/td><td><\/td><\/tr><tr><td>Unidad de di\u00e1lisis<\/td><td><\/td><td><\/td><\/tr><tr><td>Di\u00e1lisis peritoneal<\/td><td><\/td><td><\/td><\/tr><tr><td><strong>Neumolog\u00eda<\/strong><\/td><td><\/td><td><\/td><\/tr><tr><td>Endoscopia bronquial<\/td><td><\/td><td><\/td><\/tr><tr><td><strong>Neurocirug\u00eda<\/strong><\/td><td>&nbsp;<\/td><td>&nbsp;<\/td><\/tr><tr><td>Neurocirug\u00eda adultos<\/td><td>&nbsp;<\/td><td>&nbsp;<\/td><\/tr><tr><td>Neurocirug\u00eda infantil<\/td><td>&nbsp;<\/td><td>&nbsp;<\/td><\/tr><tr><td><strong>Neurolog\u00eda<\/strong><\/td><td><\/td><td><\/td><\/tr><tr><td><a href=\"https:\/\/sectorteruel.salud.aragon.es\/index.php\/cartera-de-servicios?view=article&amp;id=198:servicio-de-psiquiatria&amp;catid=19:cartera-de-servicios\"><strong>Psiquiatr\u00eda<\/strong><\/a><\/td><td><\/td><td><\/td><\/tr><tr><td>Unidad de corta estancia adultos<\/td><td><\/td><td>&nbsp;<\/td><\/tr><tr><td>Unidad Infantojuvenil<\/td><td>&nbsp;<\/td><td>&nbsp;&nbsp;H. San Juan<br>&nbsp;&nbsp;&nbsp;&nbsp;&nbsp;&nbsp;de Dios&nbsp;<\/td><\/tr><tr><td>Unidad trastornos conducta alimentaria<\/td><td>&nbsp;<\/td><td>&nbsp;<\/td><\/tr><tr><td><strong>Psicolog\u00eda cl\u00ednica<\/strong><\/td><td><\/td><td><\/td><\/tr><tr><td><a href=\"https:\/\/sectorteruel.salud.aragon.es\/index.php\/cartera-de-servicios?view=article&amp;id=182:rehabilitacion-2&amp;catid=19:cartera-de-servicios\"><strong>Rehabilitaci\u00f3n<\/strong><\/a><\/td><td>&nbsp;<\/td><td><\/td><\/tr><tr><td>Terapia ocupacional<\/td><td>&nbsp;<\/td><td>&nbsp;&nbsp;H. San Jos\u00e9<\/td><\/tr><tr><td><strong>Reumatolog\u00eda<\/strong><\/td><td><\/td><td><\/td><\/tr><\/tbody><\/table><\/figure>\n\n\n\n<figure class=\"wp-block-table\"><table class=\"has-fixed-layout\"><tbody><tr><th colspan=\"3\"><strong>\u00c1REA QUIR\u00daRGICA<\/strong><\/th><\/tr><tr><td><strong>Cirug\u00eda cardiaca<\/strong><\/td><td>&nbsp;<\/td><td>&nbsp;<\/td><\/tr><tr><td>Cirug\u00eda cardiaca adultos<\/td><td>&nbsp;<\/td><td>&nbsp;<\/td><\/tr><tr><td>Cirug\u00eda cardiaca infantil<\/td><td>&nbsp;<\/td><td>&nbsp;<\/td><\/tr><tr><td><a href=\"https:\/\/sectorteruel.salud.aragon.es\/index.php\/cartera-de-servicios?view=article&amp;id=184:servicio-de-anestesia-y-reanimacion&amp;catid=19:cartera-de-servicios\"><strong>Anestesiolog\u00eda y reanimaci\u00f3n<\/strong><\/a><\/td><td><\/td><td><\/td><\/tr><tr><td>Consulta preanestesia<\/td><td>&nbsp;<\/td><td><\/td><\/tr><tr><td>Unidad del dolor<\/td><td>&nbsp;<\/td><td><\/td><\/tr><tr><td>Unidad de epidural<\/td><td>&nbsp;<\/td><td><\/td><\/tr><tr><td><strong>Cirug\u00eda vascular<\/strong><\/td><td>&nbsp;<\/td><td>&nbsp;<\/td><\/tr><tr><td><a href=\"https:\/\/sectorteruel.salud.aragon.es\/index.php\/cartera-de-servicios?view=article&amp;id=199:servicio-de-cirugia-general&amp;catid=19:cartera-de-servicios\"><strong>Cirug\u00eda general y digestiva<\/strong><\/a><\/td><td><\/td><td><\/td><\/tr><tr><td><strong>Cirug\u00eda maxilofacial<\/strong><\/td><td>&nbsp;<\/td><td>&nbsp;<\/td><\/tr><tr><td><a href=\"https:\/\/sectorteruel.salud.aragon.es\/index.php\/cartera-de-servicios?view=article&amp;id=203:servicio-de-cirugia-ortopedica-y-traumatologia&amp;catid=19:cartera-de-servicios\"><strong>Cirug\u00eda ortop\u00e9dica<\/strong><\/a><\/td><td><\/td><td><\/td><\/tr><tr><td>Ortopedia infantil<\/td><td>&nbsp;<\/td><td><\/td><\/tr><tr><td><strong>Cirug\u00eda pedi\u00e1trica<\/strong><\/td><td>&nbsp;<\/td><td>&nbsp;<\/td><\/tr><tr><td>Cirug\u00eda neonatol\u00f3gica<\/td><td>&nbsp;<\/td><td>&nbsp;<\/td><\/tr><tr><td><strong>Cirug\u00eda pl\u00e1stica y quemados<\/strong><\/td><td>&nbsp;<\/td><td>&nbsp;<\/td><\/tr><tr><td><strong>Cirug\u00eda tor\u00e1cica<\/strong><\/td><td>&nbsp;<\/td><td>&nbsp;<\/td><\/tr><tr><td><strong>Oftalmolog\u00eda<\/strong><\/td><td><\/td><td><\/td><\/tr><tr><td><a href=\"https:\/\/sectorteruel.salud.aragon.es\/index.php\/cartera-de-servicios?view=article&amp;id=202:servicio-de-otorrinolaringologia&amp;catid=19:cartera-de-servicios\"><strong>Otorrinolaringolog\u00eda<\/strong><\/a><\/td><td><\/td><td><\/td><\/tr><tr><td><strong>Traumatolog\u00eda<\/strong><\/td><td><\/td><td><\/td><\/tr><tr><td><strong>Urolog\u00eda<\/strong><\/td><td><\/td><td><\/td><\/tr><tr><td>Urodin\u00e1mica<\/td><td><\/td><td><\/td><\/tr><tr><td>Litotricia<\/td><td>&nbsp;<\/td><td>&nbsp;<\/td><\/tr><\/tbody><\/table><\/figure>\n\n\n\n<figure class=\"wp-block-table\"><table class=\"has-fixed-layout\"><tbody><tr><th colspan=\"3\">\u00c1REA MATERNO &#8211; INFANTIL<\/th><\/tr><tr><td><a href=\"https:\/\/sectorteruel.salud.aragon.es\/index.php\/cartera-de-servicios?view=article&amp;id=201:servicio-de-ginecologia&amp;catid=19:cartera-de-servicios\"><strong>Ginecolog\u00eda<\/strong><\/a><\/td><td><\/td><td><\/td><\/tr><tr><td>Unidad de planificaci\u00f3n familiar<\/td><td>&nbsp;<\/td><td><\/td><\/tr><tr><td>Consejo gen\u00e9tico<\/td><td>&nbsp;<\/td><td><\/td><\/tr><tr><td><strong>Obstetricia<\/strong><\/td><td><\/td><td><\/td><\/tr><tr><td>Diagn\u00f3stico prenatal<\/td><td><\/td><td><\/td><\/tr><tr><td>Alto riesgo<\/td><td><\/td><td><\/td><\/tr><tr><td><a href=\"https:\/\/sectorteruel.salud.aragon.es\/index.php\/cartera-de-servicios?view=article&amp;id=197:servicio-de-pediatria&amp;catid=19:cartera-de-servicios\"><strong>Pediatr\u00eda<\/strong><\/a><\/td><td><\/td><td><\/td><\/tr><tr><td>Neonatolog\u00eda<\/td><td><\/td><td><\/td><\/tr><tr><td>UCI pedi\u00e1trica<\/td><td>&nbsp;<\/td><td>&nbsp;<\/td><\/tr><\/tbody><\/table><\/figure>\n\n\n\n<figure class=\"wp-block-table\"><table class=\"has-fixed-layout\"><tbody><tr><th colspan=\"3\">\u00c1REA DE SERVICIOS CENTRALES<\/th><\/tr><tr><td><a href=\"https:\/\/sectorteruel.salud.aragon.es\/index.php\/cartera-de-servicios?view=article&amp;id=189:servicio-de-radiologia&amp;catid=19:cartera-de-servicios\"><strong>Radiodiagn\u00f3stico<\/strong><\/a><\/td><td>&nbsp;<\/td><td>&nbsp;<\/td><\/tr><tr><td>Convencional<\/td><td><\/td><td><\/td><\/tr><tr><td>Ecograf\u00eda<\/td><td><\/td><td><\/td><\/tr><tr><td>TC<\/td><td><\/td><td><\/td><\/tr><tr><td>RM<\/td><td><\/td><td><\/td><\/tr><tr><td>Radiolog\u00eda Vascular<\/td><td>&nbsp;<\/td><td>&nbsp;<\/td><\/tr><tr><td><strong>Medicina nuclear<\/strong><\/td><td>&nbsp;<\/td><td>&nbsp;<\/td><\/tr><tr><td><strong>Neurofisiolog\u00eda<\/strong><\/td><td colspan=\"2\" rowspan=\"3\">&nbsp;&nbsp;&nbsp;&nbsp;&nbsp;&nbsp;&nbsp;&nbsp;&nbsp;&nbsp;&nbsp;&nbsp;&nbsp;&nbsp;&nbsp;&nbsp;&nbsp;&nbsp;concertado<\/td><\/tr><tr><td>Estudio del sue\u00f1o<\/td><\/tr><tr><td>Potenciales evocados<\/td><\/tr><tr><td><strong>Oncolog\u00eda radioter\u00e1pica<\/strong><\/td><td>&nbsp;<\/td><td>&nbsp;<\/td><\/tr><tr><td><a href=\"https:\/\/sectorteruel.salud.aragon.es\/index.php\/cartera-de-servicios?view=article&amp;id=191:unidad-de-urgencias&amp;catid=19:cartera-de-servicios\"><strong>Urgencias<\/strong><\/a><\/td><td><\/td><td>&nbsp;<\/td><\/tr><\/tbody><\/table><\/figure>\n\n\n\n<figure class=\"wp-block-table\"><table class=\"has-fixed-layout\"><tbody><tr><th colspan=\"3\">UNIDADES Y SERVICIOS ESPECIALES<\/th><\/tr><tr><td><strong>Laboratorios<\/strong><\/td><td>&nbsp;<\/td><td>&nbsp;<\/td><\/tr><tr><td>Bioqu\u00edmica<\/td><td><\/td><td><\/td><\/tr><tr><td><a href=\"https:\/\/sectorteruel.salud.aragon.es\/index.php\/cartera-de-servicios?view=article&amp;id=186:servicio-de-hematologia&amp;catid=19:cartera-de-servicios\">Hematolog\u00eda y hemoterapia<\/a><\/td><td><\/td><td><\/td><\/tr><tr><td>Microbiolog\u00eda<\/td><td><\/td><td><\/td><\/tr><tr><td>Gen\u00e9tica<\/td><td>&nbsp;<\/td><td>&nbsp;<\/td><\/tr><tr><td><a href=\"https:\/\/sectorteruel.salud.aragon.es\/index.php\/cartera-de-servicios?view=article&amp;id=183:servicio-de-anatomia-patologica&amp;catid=19:cartera-de-servicios\">Anatom\u00eda Patol\u00f3gica<\/a><\/td><td><\/td><td><\/td><\/tr><tr><td><a href=\"https:\/\/sectorteruel.salud.aragon.es\/index.php\/cartera-de-servicios?view=article&amp;id=190:unidad-de-cuidados-intensivos&amp;catid=19:cartera-de-servicios\"><strong>Unidad de Cuidados Intensivos<\/strong><\/a><\/td><td><\/td><td>&nbsp;<\/td><\/tr><tr><td><strong>Geriatr\u00eda<\/strong><\/td><td colspan=\"2\">&nbsp;&nbsp;&nbsp;&nbsp;&nbsp;&nbsp;&nbsp;&nbsp;&nbsp;&nbsp;&nbsp;&nbsp;Hospital San Jos\u00e9<\/td><\/tr><tr><td><strong>Medicina interna\/infecciosas<\/strong><\/td><td><\/td><td><\/td><\/tr><tr><td><strong>Unidad de mama<\/strong><\/td><td>&nbsp;<\/td><td>&nbsp;<\/td><\/tr><tr><td><strong>Trasplantes<\/strong><\/td><td>&nbsp;<\/td><td>&nbsp;<\/td><\/tr><tr><td><a href=\"https:\/\/sectorteruel.salud.aragon.es\/index.php\/cartera-de-servicios?view=article&amp;id=188:unidad-de-medicina-preventiva&amp;catid=19:cartera-de-servicios\"><strong>Medicina Preventiva<\/strong><\/a><\/td><td><\/td><td><\/td><\/tr><tr><td><strong>Cuidados paliativos<\/strong><\/td><td colspan=\"2\">&nbsp;&nbsp;&nbsp;&nbsp;&nbsp;&nbsp;&nbsp;&nbsp;&nbsp;&nbsp;&nbsp;&nbsp;Hospital San Jos\u00e9<\/td><\/tr><tr><td><strong>Larga estancia<\/strong><\/td><td colspan=\"2\">&nbsp;&nbsp;&nbsp;&nbsp;&nbsp;&nbsp;&nbsp;&nbsp;&nbsp;&nbsp;&nbsp;&nbsp;Hospital San Jos\u00e9<\/td><\/tr><\/tbody><\/table><\/figure>\n<\/div>\n\n<\/div>\n<!-- \/Fin del contenido -->","protected":false},"excerpt":{"rendered":"<p>Presentaci\u00f3n Area de asistencia Situaci\u00f3n y acceso Cartera de servicios Galer\u00eda fotogr\u00e1fica Servicio de Farmacia Cartera de servicios ESPECIALIDADES Hospital Consultas \u00c1REA M\u00c9DICA Alergia Cardiolog\u00eda Electrofisiolog\u00eda Hemodin\u00e1mica diagn\u00f3stica &nbsp; &nbsp; Hemodin\u00e1mica terap\u00e9utica &nbsp; &nbsp; Dermatolog\u00eda Digestivo Unidad de endoscopias Endocrinolog\u00eda y nutrici\u00f3n Oncolog\u00eda &nbsp; &nbsp; Oncolog\u00eda m\u00e9dica Oncolog\u00eda pedi\u00e1trica &nbsp; &nbsp; Oncolog\u00eda radioter\u00e1pica &nbsp; &nbsp; [&hellip;]<\/p>\n","protected":false},"author":1,"featured_media":0,"comment_status":"closed","ping_status":"open","sticky":false,"template":"","format":"standard","meta":{"footnotes":""},"categories":[5,7],"tags":[],"class_list":["post-167","post","type-post","status-publish","format-standard","hentry","category-presentacion","category-subentrada"],"_links":{"self":[{"href":"https:\/\/sectorteruel.salud.aragon.es\/index.php?rest_route=\/wp\/v2\/posts\/167","targetHints":{"allow":["GET"]}}],"collection":[{"href":"https:\/\/sectorteruel.salud.aragon.es\/index.php?rest_route=\/wp\/v2\/posts"}],"about":[{"href":"https:\/\/sectorteruel.salud.aragon.es\/index.php?rest_route=\/wp\/v2\/types\/post"}],"author":[{"embeddable":true,"href":"https:\/\/sectorteruel.salud.aragon.es\/index.php?rest_route=\/wp\/v2\/users\/1"}],"replies":[{"embeddable":true,"href":"https:\/\/sectorteruel.salud.aragon.es\/index.php?rest_route=%2Fwp%2Fv2%2Fcomments&post=167"}],"version-history":[{"count":13,"href":"https:\/\/sectorteruel.salud.aragon.es\/index.php?rest_route=\/wp\/v2\/posts\/167\/revisions"}],"predecessor-version":[{"id":2459,"href":"https:\/\/sectorteruel.salud.aragon.es\/index.php?rest_route=\/wp\/v2\/posts\/167\/revisions\/2459"}],"wp:attachment":[{"href":"https:\/\/sectorteruel.salud.aragon.es\/index.php?rest_route=%2Fwp%2Fv2%2Fmedia&parent=167"}],"wp:term":[{"taxonomy":"category","embeddable":true,"href":"https:\/\/sectorteruel.salud.aragon.es\/index.php?rest_route=%2Fwp%2Fv2%2Fcategories&post=167"},{"taxonomy":"post_tag","embeddable":true,"href":"https:\/\/sectorteruel.salud.aragon.es\/index.php?rest_route=%2Fwp%2Fv2%2Ftags&post=167"}],"curies":[{"name":"wp","href":"https:\/\/api.w.org\/{rel}","templated":true}]}}