{"id":231,"date":"2025-03-25T09:36:33","date_gmt":"2025-03-25T08:36:33","guid":{"rendered":"http:\/\/sectorteruel.salud.aragon.es\/\/?p=231"},"modified":"2025-04-10T13:36:01","modified_gmt":"2025-04-10T11:36:01","slug":"rehabilitacion","status":"publish","type":"post","link":"https:\/\/sectorteruel.salud.aragon.es\/?p=231","title":{"rendered":"Rehabilitaci\u00f3n"},"content":{"rendered":"\n<div class=\"gap-xl contenedor\">\n<div class=\"elsidebar\">\n<nav data-module=\"c-menu-vertical\" aria-label=\"Menu vertical\" class=\"sidebar-entradas\">\n  <ul class=\"text-base\">\n    <li class=\"my-base break-inside-avoid-column\">\n      <a id=\"parent-example-item-1\" href=\"https:\/\/sectorteruel.salud.aragon.es\/?p=9\" class=\"block px-xs  focus:bg-warning-base focus:outline-none focus:shadow-outline-focus focus:text-black hover:text-primary-base hover:underline\">\n        Gu\u00eda del paciente hospitalizado\n      <\/a>\n  <\/ul>\n<ul class=\"text-base\">\n    <li class=\"my-base break-inside-avoid-column\">\n      <a id=\"parent-example-item-1\" href=\"https:\/\/sectorteruel.salud.aragon.es\/?p=231\" class=\"block px-xs  focus:bg-warning-base focus:outline-none focus:shadow-outline-focus focus:text-black hover:text-primary-base hover:underline\">\n        <strong>Rehabilitaci\u00f3n<\/strong>\n      <\/a>\n  <\/ul>\n<ul class=\"text-base\">\n    <li class=\"my-base break-inside-avoid-column\">\n      <a id=\"parent-example-item-1\" href=\"https:\/\/sectorteruel.salud.aragon.es\/?p=233\" class=\"block px-xs  focus:bg-warning-base focus:outline-none focus:shadow-outline-focus focus:text-black hover:text-primary-base hover:underline\">\n        Derechos y deberes\n      <\/a>\n  <\/ul>\n<ul class=\"text-base\">\n    <li class=\"my-base break-inside-avoid-column\">\n      <a id=\"parent-example-item-1\" href=\"https:\/\/sectorteruel.salud.aragon.es\/?p=235\" class=\"block px-xs  focus:bg-warning-base focus:outline-none focus:shadow-outline-focus focus:text-black hover:text-primary-base hover:underline\">\n       Gu\u00eda nuevos usuarios del Salud\n      <\/a>\n  <\/ul>\n<ul class=\"text-base\">\n    <li class=\"my-base break-inside-avoid-column\">\n      <a id=\"parent-example-item-1\" href=\"https:\/\/sectorteruel.salud.aragon.es\/?p=237\" class=\"block px-xs  focus:bg-warning-base focus:outline-none focus:shadow-outline-focus focus:text-black hover:text-primary-base hover:underline\">\n       C\u00f3mo acudir a urgencias\n      <\/a>\n  <\/ul>\n<ul class=\"text-base\">\n    <li class=\"my-base break-inside-avoid-column\">\n      <a id=\"parent-example-item-1\" href=\"https:\/\/sectorteruel.salud.aragon.es\/?p=239\" class=\"block px-xs  focus:bg-warning-base focus:outline-none focus:shadow-outline-focus focus:text-black hover:text-primary-base hover:underline\">\n       C\u00f3mo visitar a un familiar\n      <\/a>\n  <\/ul>\n<ul class=\"text-base\">\n    <li class=\"my-base break-inside-avoid-column\">\n      <a id=\"parent-example-item-1\" href=\"https:\/\/sectorteruel.salud.aragon.es\/?p=241\" class=\"block px-xs  focus:bg-warning-base focus:outline-none focus:shadow-outline-focus focus:text-black hover:text-primary-base hover:underline\">\n       C\u00f3mo pedir un informe\n      <\/a>\n  <\/ul>\n<ul class=\"text-base\">\n    <li class=\"my-base break-inside-avoid-column\">\n      <a id=\"parent-example-item-1\" href=\"https:\/\/sectorteruel.salud.aragon.es\/?p=244\" class=\"block px-xs  focus:bg-warning-base focus:outline-none focus:shadow-outline-focus focus:text-black hover:text-primary-base hover:underline\">\n       Voluntades anticipadas\n      <\/a>\n  <\/ul>\n<ul class=\"text-base\">\n    <li class=\"my-base break-inside-avoid-column\">\n      <a id=\"parent-example-item-1\" href=\"https:\/\/sectorteruel.salud.aragon.es\/?p=246\" class=\"block px-xs  focus:bg-warning-base focus:outline-none focus:shadow-outline-focus focus:text-black hover:text-primary-base hover:underline\">\n       Informaci\u00f3n para el paciente\n      <\/a>\n  <\/ul>\n<ul class=\"text-base\">\n    <li class=\"my-base break-inside-avoid-column\">\n      <a id=\"parent-example-item-1\" href=\"https:\/\/sectorteruel.salud.aragon.es\/?p=248\" class=\"block px-xs  focus:bg-warning-base focus:outline-none focus:shadow-outline-focus focus:text-black hover:text-primary-base hover:underline\">\n       Servicio de atenci\u00f3n al paciente\n      <\/a>\n  <\/ul>\n<ul class=\"text-base\">\n    <li class=\"my-base break-inside-avoid-column\">\n      <a id=\"parent-example-item-1\" href=\"https:\/\/sectorteruel.salud.aragon.es\/?p=250\" class=\"block px-xs  focus:bg-warning-base focus:outline-none focus:shadow-outline-focus focus:text-black hover:text-primary-base hover:underline\">\n       Tabajo Social\n      <\/a>\n  <\/ul>\n<ul class=\"text-base\">\n    <li class=\"my-base break-inside-avoid-column\">\n      <a id=\"parent-example-item-1\" href=\"https:\/\/sectorteruel.salud.aragon.es\/?p=252\" class=\"block px-xs  focus:bg-warning-base focus:outline-none focus:shadow-outline-focus focus:text-black hover:text-primary-base hover:underline\">\n       Entidades sin \u00e1nimo de lucro y estimulaci\u00f3n cognitiva en Sector Sanitario de Teruel\n      <\/a>\n  <\/ul>\n<ul class=\"text-base\">\n    <li class=\"my-base break-inside-avoid-column\">\n      <a id=\"parent-example-item-1\" href=\"https:\/\/sectorteruel.salud.aragon.es\/?p=256\" class=\"block px-xs  focus:bg-warning-base focus:outline-none focus:shadow-outline-focus focus:text-black hover:text-primary-base hover:underline\">\n       Ay\u00fadenos a mejorar\n      <\/a>\n  <\/ul>\n<\/nav>\n<\/div>\n<div class=\"elcontenido\">\n<div class=\"titulos\">\n\n<h2 class=\"wp-block-heading has-large-font-size\" style=\"color: #164969;\">Rehabilitaci\u00f3n<\/h2>\n\n\n<h2 class=\"wp-block-heading\" style=\"font-size:28px; color: #164969;\" style=\"\">Documentos<\/h2>\n\n<\/div>\n\n\n<figure class=\"wp-block-table\"><table class=\"has-fixed-layout\"><tbody><tr><td><strong>IMPORTANTE LEER ANTES DE REALIZAR EL EJERCICIO<\/strong> <br><a href=\"https:\/\/sectorteruel.salud.aragon.es\/\/wp-content\/uploads\/2025\/03\/Recomendaciones-y-normas-previas-antes-de-hacer-ejercicio.pdf\"><img decoding=\"async\" src=\"https:\/\/sectorteruel.salud.aragon.es\/\/wp-content\/uploads\/2025\/03\/iconoPDF.gif\" class=\"icono-pdf\"> Recomendaciones y normas previas antes de hacer ejercicio<\/a><\/td><\/tr><\/tbody><\/table><\/figure>\n\n\n\n<ul class=\"wp-block-list\">\n<li><a href=\"https:\/\/sectorteruel.salud.aragon.es\/\/wp-content\/uploads\/2025\/03\/Cuaderno-Autorehabilitacion-pacientes-hemiplejicos.pdf\"><img decoding=\"async\" src=\"https:\/\/sectorteruel.salud.aragon.es\/\/wp-content\/uploads\/2025\/03\/iconoPDF.gif\" class=\"icono-pdf\"> Hemipl\u00e9jicos. Cuaderno de Autorrehabilitaci\u00f3n.<\/a><\/li>\n\n\n\n<li><a href=\"https:\/\/sectorteruel.salud.aragon.es\/\/wp-content\/uploads\/2025\/03\/Manejo-andador.pdf\"><img decoding=\"async\" src=\"https:\/\/sectorteruel.salud.aragon.es\/\/wp-content\/uploads\/2025\/03\/iconoPDF.gif\" class=\"icono-pdf\"> Manejo de andador<\/a><\/li>\n\n\n\n<li><a href=\"https:\/\/sectorteruel.salud.aragon.es\/\/wp-content\/uploads\/2025\/03\/Folleto-muletas.pdf\"><img decoding=\"async\" src=\"https:\/\/sectorteruel.salud.aragon.es\/\/wp-content\/uploads\/2025\/03\/iconoPDF.gif\" class=\"icono-pdf\"> Manejo de muletas<\/a><\/li>\n\n\n\n<li><a href=\"https:\/\/sectorteruel.salud.aragon.es\/\/wp-content\/uploads\/2025\/03\/Folleto-cadera.pdf\"><img decoding=\"async\" src=\"https:\/\/sectorteruel.salud.aragon.es\/\/wp-content\/uploads\/2025\/03\/iconoPDF.gif\" class=\"icono-pdf\"> Recomendaciones y ejercicios para Fractura de cadera y pr\u00f3tesis de cadera<\/a><\/li>\n\n\n\n<li><a href=\"https:\/\/sectorteruel.salud.aragon.es\/\/wp-content\/uploads\/2025\/03\/Folleto-Fisioterapia-Respiratoria-1.pdf\"><img decoding=\"async\" src=\"https:\/\/sectorteruel.salud.aragon.es\/\/wp-content\/uploads\/2025\/03\/iconoPDF.gif\" class=\"icono-pdf\"> Ejercicios respiratorios<\/a><br><br>\n<a href=\"https:\/\/sectorteruel.salud.aragon.es\/documentos\/rehabilitacion\/videos\/Ejercicios%20respiratorios.mp4\" style=\"color: red;\">\nVIDEO\n<\/a>\n<\/li>\n<\/ul>\n\n\n\n<h2 class=\"wp-block-heading\" style=\"font-size:28px; color: #164969;\" style=\"\">Desacondicionamiento<\/h2>\n\n\n\n<ul class=\"wp-block-list\">\n<li><a href=\"https:\/\/sectorteruel.salud.aragon.es\/\/wp-content\/uploads\/2025\/03\/REHABILITACION-EN-DESACONDICIONAMIENTO-1.-DECUBITO-comic-1.pdf\"><img decoding=\"async\" src=\"https:\/\/sectorteruel.salud.aragon.es\/\/wp-content\/uploads\/2025\/03\/iconoPDF.gif\" class=\"icono-pdf\"> Manual de ejercicios tumbado<\/a><br>\n\n<br><a href=\"https:\/\/sectorteruel.salud.aragon.es\/documentos\/rehabilitacion\/videos\/Desacondicionamiento%20decubito.mp4\" style=\"color: red;\">\nVIDEO\n<\/a>\n<\/li>\n\n\n\n<li><a href=\"https:\/\/sectorteruel.salud.aragon.es\/\/wp-content\/uploads\/2025\/03\/REHABILITACION-EN-DESACONDICIONAMIENTO-3.-SEDESTACION-comic.pdf\"><img decoding=\"async\" src=\"https:\/\/sectorteruel.salud.aragon.es\/\/wp-content\/uploads\/2025\/03\/iconoPDF.gif\" class=\"icono-pdf\"> Manual de ejercicios sentado<\/a><br>\n\n<br><a href=\"https:\/\/sectorteruel.salud.aragon.es\/documentos\/rehabilitacion\/videos\/Desacondicionamiento%20sedestacion.mp4\" style=\"color: red;\">\nVIDEO\n<\/a>\n<\/li>\n\n\n\n<li><a href=\"https:\/\/sectorteruel.salud.aragon.es\/\/wp-content\/uploads\/2025\/03\/REHABILITACION-EN-DESACONDICIONAMIENTO-4.-BIPEDESTACION-comic.pdf\"><img decoding=\"async\" src=\"https:\/\/sectorteruel.salud.aragon.es\/\/wp-content\/uploads\/2025\/03\/iconoPDF.gif\" class=\"icono-pdf\"> Manual de ejercicios de pie<\/a><br>\n\n<br><a href=\"https:\/\/sectorteruel.salud.aragon.es\/documentos\/rehabilitacion\/videos\/Desacondicionamiento%20bipedestacion.mp4\" style=\"color: red;\">\nVIDEO\n<\/a>\n<\/li>\n\n\n\n<li><a href=\"https:\/\/sectorteruel.salud.aragon.es\/\/wp-content\/uploads\/2025\/03\/REHABILITACION-EN-DESACONDICIONAMIENTO-2.-TRANSFERENCIAS-SEMIDEPENDIENTE.pdf\"><img decoding=\"async\" src=\"https:\/\/sectorteruel.salud.aragon.es\/\/wp-content\/uploads\/2025\/03\/iconoPDF.gif\" class=\"icono-pdf\"> Manual de transferencias con ayuda<\/a><br>\n\n<br><a href=\"https:\/\/sectorteruel.salud.aragon.es\/documentos\/rehabilitacion\/videos\/Transferencias%20CON%20ayuda.mp4\" style=\"color: red;\">\nVIDEO\n<\/a>\n<\/li>\n\n\n\n<li><a href=\"https:\/\/sectorteruel.salud.aragon.es\/\/wp-content\/uploads\/2025\/03\/REHABILITACION-EN-DESACONDICIONAMIENTO-2.-b-TRANSFERENCIAS-INDEPENDIENTE.pdf\"><img decoding=\"async\" src=\"https:\/\/sectorteruel.salud.aragon.es\/\/wp-content\/uploads\/2025\/03\/iconoPDF.gif\" class=\"icono-pdf\"> Manual de transferencias sin ayuda<\/a><br>\n\n<br><a href=\"https:\/\/sectorteruel.salud.aragon.es\/documentos\/rehabilitacion\/videos\/Transferencias%20SIN%20ayuda.mp4\" style=\"color: red;\">\nVIDEO\n<\/a>\n<\/li>\n\n\n\n<li><a href=\"https:\/\/www.colfisioaragon.org\/fisioesterapia.php\">Fisioterapia en casa<\/a> (Enlace con el colegio de fisioterapuetas de Arag\u00f3n)<\/li>\n\n\n\n<li><a href=\"https:\/\/www.sermef.es\/repositorio-covid-19-pacientes\/\">Ejercicios en casa de la Sociedad Espa\u00f1ola de Medicina F\u00edsica y Rehabilitaci\u00f3n<\/a><\/li>\n<\/ul>\n\n<\/div>\n\n","protected":false},"excerpt":{"rendered":"","protected":false},"author":1,"featured_media":0,"comment_status":"closed","ping_status":"open","sticky":false,"template":"","format":"standard","meta":{"footnotes":""},"categories":[8,7],"tags":[],"class_list":["post-231","post","type-post","status-publish","format-standard","hentry","category-ciudadanos","category-subentrada"],"_links":{"self":[{"href":"https:\/\/sectorteruel.salud.aragon.es\/index.php?rest_route=\/wp\/v2\/posts\/231","targetHints":{"allow":["GET"]}}],"collection":[{"href":"https:\/\/sectorteruel.salud.aragon.es\/index.php?rest_route=\/wp\/v2\/posts"}],"about":[{"href":"https:\/\/sectorteruel.salud.aragon.es\/index.php?rest_route=\/wp\/v2\/types\/post"}],"author":[{"embeddable":true,"href":"https:\/\/sectorteruel.salud.aragon.es\/index.php?rest_route=\/wp\/v2\/users\/1"}],"replies":[{"embeddable":true,"href":"https:\/\/sectorteruel.salud.aragon.es\/index.php?rest_route=%2Fwp%2Fv2%2Fcomments&post=231"}],"version-history":[{"count":20,"href":"https:\/\/sectorteruel.salud.aragon.es\/index.php?rest_route=\/wp\/v2\/posts\/231\/revisions"}],"predecessor-version":[{"id":2739,"href":"https:\/\/sectorteruel.salud.aragon.es\/index.php?rest_route=\/wp\/v2\/posts\/231\/revisions\/2739"}],"wp:attachment":[{"href":"https:\/\/sectorteruel.salud.aragon.es\/index.php?rest_route=%2Fwp%2Fv2%2Fmedia&parent=231"}],"wp:term":[{"taxonomy":"category","embeddable":true,"href":"https:\/\/sectorteruel.salud.aragon.es\/index.php?rest_route=%2Fwp%2Fv2%2Fcategories&post=231"},{"taxonomy":"post_tag","embeddable":true,"href":"https:\/\/sectorteruel.salud.aragon.es\/index.php?rest_route=%2Fwp%2Fv2%2Ftags&post=231"}],"curies":[{"name":"wp","href":"https:\/\/api.w.org\/{rel}","templated":true}]}}