{"id":244,"date":"2025-03-25T09:40:51","date_gmt":"2025-03-25T08:40:51","guid":{"rendered":"http:\/\/sectorteruel.salud.aragon.es\/\/?p=244"},"modified":"2025-04-10T13:40:55","modified_gmt":"2025-04-10T11:40:55","slug":"voluntades-anticipadas","status":"publish","type":"post","link":"https:\/\/sectorteruel.salud.aragon.es\/?p=244","title":{"rendered":"Voluntades anticipadas"},"content":{"rendered":"\n<div class=\"gap-xl contenedor\">\n<div class=\"elsidebar\">\n<nav data-module=\"c-menu-vertical\" aria-label=\"Menu vertical\" class=\"sidebar-entradas\">\n  <ul class=\"text-base\">\n    <li class=\"my-base break-inside-avoid-column\">\n      <a id=\"parent-example-item-1\" href=\"https:\/\/sectorteruel.salud.aragon.es\/?p=9\" class=\"block px-xs  focus:bg-warning-base focus:outline-none focus:shadow-outline-focus focus:text-black hover:text-primary-base hover:underline\">\n        Gu\u00eda del paciente hospitalizado\n      <\/a>\n  <\/ul>\n<ul class=\"text-base\">\n    <li class=\"my-base break-inside-avoid-column\">\n      <a id=\"parent-example-item-1\" href=\"https:\/\/sectorteruel.salud.aragon.es\/?p=231\" class=\"block px-xs  focus:bg-warning-base focus:outline-none focus:shadow-outline-focus focus:text-black hover:text-primary-base hover:underline\">\n        Rehabilitaci\u00f3n\n      <\/a>\n  <\/ul>\n<ul class=\"text-base\">\n    <li class=\"my-base break-inside-avoid-column\">\n      <a id=\"parent-example-item-1\" href=\"https:\/\/sectorteruel.salud.aragon.es\/?p=233\" class=\"block px-xs  focus:bg-warning-base focus:outline-none focus:shadow-outline-focus focus:text-black hover:text-primary-base hover:underline\">\n        Derechos y deberes\n      <\/a>\n  <\/ul>\n<ul class=\"text-base\">\n    <li class=\"my-base break-inside-avoid-column\">\n      <a id=\"parent-example-item-1\" href=\"https:\/\/sectorteruel.salud.aragon.es\/?p=235\" class=\"block px-xs  focus:bg-warning-base focus:outline-none focus:shadow-outline-focus focus:text-black hover:text-primary-base hover:underline\">\n       Gu\u00eda nuevos usuarios del Salud\n      <\/a>\n  <\/ul>\n<ul class=\"text-base\">\n    <li class=\"my-base break-inside-avoid-column\">\n      <a id=\"parent-example-item-1\" href=\"https:\/\/sectorteruel.salud.aragon.es\/?p=237\" class=\"block px-xs  focus:bg-warning-base focus:outline-none focus:shadow-outline-focus focus:text-black hover:text-primary-base hover:underline\">\n       C\u00f3mo acudir a urgencias\n      <\/a>\n  <\/ul>\n<ul class=\"text-base\">\n    <li class=\"my-base break-inside-avoid-column\">\n      <a id=\"parent-example-item-1\" href=\"https:\/\/sectorteruel.salud.aragon.es\/?p=239\" class=\"block px-xs  focus:bg-warning-base focus:outline-none focus:shadow-outline-focus focus:text-black hover:text-primary-base hover:underline\">\n       C\u00f3mo visitar a un familiar\n      <\/a>\n  <\/ul>\n<ul class=\"text-base\">\n    <li class=\"my-base break-inside-avoid-column\">\n      <a id=\"parent-example-item-1\" href=\"https:\/\/sectorteruel.salud.aragon.es\/?p=241\" class=\"block px-xs  focus:bg-warning-base focus:outline-none focus:shadow-outline-focus focus:text-black hover:text-primary-base hover:underline\">\n       C\u00f3mo pedir un informe\n      <\/a>\n  <\/ul>\n<ul class=\"text-base\">\n    <li class=\"my-base break-inside-avoid-column\">\n      <a id=\"parent-example-item-1\" href=\"https:\/\/sectorteruel.salud.aragon.es\/?p=244\" class=\"block px-xs  focus:bg-warning-base focus:outline-none focus:shadow-outline-focus focus:text-black hover:text-primary-base hover:underline\">\n       <strong>Voluntades anticipadas<\/strong>\n      <\/a>\n  <\/ul>\n<ul class=\"text-base\">\n    <li class=\"my-base break-inside-avoid-column\">\n      <a id=\"parent-example-item-1\" href=\"https:\/\/sectorteruel.salud.aragon.es\/?p=246\" class=\"block px-xs  focus:bg-warning-base focus:outline-none focus:shadow-outline-focus focus:text-black hover:text-primary-base hover:underline\">\n       Informaci\u00f3n para el paciente\n      <\/a>\n  <\/ul>\n<ul class=\"text-base\">\n    <li class=\"my-base break-inside-avoid-column\">\n      <a id=\"parent-example-item-1\" href=\"https:\/\/sectorteruel.salud.aragon.es\/?p=248\" class=\"block px-xs  focus:bg-warning-base focus:outline-none focus:shadow-outline-focus focus:text-black hover:text-primary-base hover:underline\">\n       Servicio de atenci\u00f3n al paciente\n      <\/a>\n  <\/ul>\n<ul class=\"text-base\">\n    <li class=\"my-base break-inside-avoid-column\">\n      <a id=\"parent-example-item-1\" href=\"https:\/\/sectorteruel.salud.aragon.es\/?p=250\" class=\"block px-xs  focus:bg-warning-base focus:outline-none focus:shadow-outline-focus focus:text-black hover:text-primary-base hover:underline\">\n       Tabajo Social\n      <\/a>\n  <\/ul>\n<ul class=\"text-base\">\n    <li class=\"my-base break-inside-avoid-column\">\n      <a id=\"parent-example-item-1\" href=\"https:\/\/sectorteruel.salud.aragon.es\/?p=252\" class=\"block px-xs  focus:bg-warning-base focus:outline-none focus:shadow-outline-focus focus:text-black hover:text-primary-base hover:underline\">\n       Entidades sin \u00e1nimo de lucro y estimulaci\u00f3n cognitiva en Sector Sanitario de Teruel\n      <\/a>\n  <\/ul>\n<ul class=\"text-base\">\n    <li class=\"my-base break-inside-avoid-column\">\n      <a id=\"parent-example-item-1\" href=\"https:\/\/sectorteruel.salud.aragon.es\/?p=256\" class=\"block px-xs  focus:bg-warning-base focus:outline-none focus:shadow-outline-focus focus:text-black hover:text-primary-base hover:underline\">\n       Ay\u00fadenos a mejorar\n      <\/a>\n  <\/ul>\n<\/nav>\n<\/div>\n<div class=\"elcontenido\">\n<div class=\"titulos\">\n\n<h2 class=\"wp-block-heading has-large-font-size\" style=\"color: #164969;\">Voluntades anticipadas<\/h2>\n\n\n<h2 class=\"wp-block-heading\" style=\"font-size:28px; color: #164969;\" style=\"\">Su derecho a decidir<\/h2>\n\n<\/div>\n\n\n<h2 class=\"wp-block-heading\" style=\"font-size:24px; color: #164969;\" style=\"\">\u00bfQuiere que se tengan en cuenta sus deseos e instrucciones respecto a la atenci\u00f3n sanitaria que quiere recibir cu\u00e1ndo usted no pueda expresar su voluntad?<\/h2>\n\n\n\n<p>Usted puede planificar y reflejar por escrito de forma anticipada sus decisiones en el Documento de Voluntades Anticipadas.<\/p>\n\n\n\n<h2 class=\"wp-block-heading\" style=\"font-size:24px; color: #164969;\" style=\"\">\u00bfQu\u00e9 es el documento de voluntades anticipadas?<\/h2>\n\n\n\n<p>Es el documento en el que una persona manifiesta de forma anticipada los deseos e instrucciones que, sobre la atenci\u00f3n sanitaria, quiere le sean respetados si se encuentra en una situaci\u00f3n en la que, por diferentes circunstancias derivadas de su estado f\u00edsico y\/o ps\u00edquico, no sea capaz de expresarlos personalmente.<\/p>\n\n\n\n<p><strong>\u201cSi sus instrucciones o deseos sobre su salud futura son conocidos, ser\u00e1n respetados\u201d<\/strong><\/p>\n\n\n<h2 class=\"wp-block-heading\" style=\"font-size:24px; color: #164969;\" style=\"\">\u00bfCu\u00e1ndo hacerlo?<\/h2>\n\n\n\n<p>El documento de \u201cVoluntades Anticipadas\u201d se puede hacer en cualquier momento del proceso de la vida. As\u00ed mismo se puede revocar o modificar, anulando o sustituyendo el documento existente.<\/p>\n\n\n\n<h2 class=\"wp-block-heading\" style=\"font-size:24px; color: #164969;\" style=\"\">\u00bfQu\u00e9 puedo expresar?<\/h2>\n\n\n\n<p>Los valores importantes que sustentan mi proyecto de vida.<\/p>\n\n\n\n<p>Y&nbsp;si en un futuro no puedo tomar decisiones sobre los cuidados de salud como consecuencia de mi deterioro f\u00edsico y\/o mental, no sean aplicadas medidas de soporte vital ni que se prolongue mi vida por medios artificiales. Ej.: cualquier aparato tipo respirador artificial, maniobras de recuperaci\u00f3n cardiaca, etc.<\/p>\n\n\n\n<p>Que sea aliviado mi dolor, angustia o malestar. Ej.: la administraci\u00f3n de sedantes, analg\u00e9sicos, medidas de soporte emocional y acompa\u00f1amiento en el proceso de muerte, etc.<\/p>\n\n\n\n<p>Y se respeten mis valores de calidad de vida. Ej.: El deseo de morir en casa, etc.<\/p>\n\n\n\n<p>Manifestar el deseo de que se puedan utilizar mis \u00f3rganos y tejidos para ser trasplantados a otra persona que los necesite.<\/p>\n\n\n\n<p>Mis deseos tras el fallecimiento. Ej.: donaci\u00f3n del cuerpo a la ciencia, etc.<\/p>\n\n\n\n<h2 class=\"wp-block-heading\" style=\"font-size:24px; color: #164969;\" style=\"\">\u00bfQui\u00e9n me puede informar y\/o asesorar?<\/h2>\n\n\n\n<p>Planificar de forma anticipada la atenci\u00f3n que deseo recibir al final de la vida es un proceso que implica pensar y hablar de cuestiones complejas y delicadas.<\/p>\n\n\n\n<p>Implica hablar sobre sus valores y objetivos de vida con las personas que tienen significado para usted:&nbsp;familia, amigos, el profesional sanitario que le atiende, y tambi\u00e9n reflexionar de lo que entiende por calidad de vida y calidad en la muerte, y tomar decisiones sobre el futuro, la atenci\u00f3n de salud y el tratamiento m\u00e9dico.<\/p>\n\n\n\n<p>Tambi\u00e9n le pueden informar y\/o ayudar:<\/p>\n\n\n\n<ul class=\"wp-block-list\">\n<li>En el Centro de Salud.<\/li>\n\n\n\n<li>En el Servicio de Atenci\u00f3n al Usuario en el Hospital.<\/li>\n\n\n\n<li>En la Direcci\u00f3n General de Atenci\u00f3n al Usuario\u00a0<\/li>\n<\/ul>\n\n\n\n<h2 class=\"wp-block-heading\" style=\"font-size:24px; color: #164969;\" style=\"\">\u00bfC\u00f3mo hacer el documento de Voluntades Anticipadas?<\/h2>\n\n\n\n<p>Cualquier persona mayor de edad, capaz y libre y que no se encuentre judicialmente incapacitada puede otorgar un documento de voluntades anticipadas:<\/p>\n\n\n\n<ul class=\"wp-block-list\">\n<li>Ante Notario. No es necesaria la presencia de testigos.<\/li>\n\n\n\n<li>En un documento privado, ante dos testigos.<\/li>\n<\/ul>\n\n\n\n<p><strong>Los testigos<\/strong> ser\u00e1n mayores de edad y con capacidad de obrar, de los cuales uno, como m\u00ednimo, no debe tener relaci\u00f3n de parentesco hasta el 2\u00ba grado, y sin v\u00ednculos de relaci\u00f3n patrimonial alguna con el otorgante. Podr\u00edan actuar como testigos, de m\u00e1s de 2\u00ba grado, los t\u00edos, sobrinos, bisabuelos, biznietos (parientes de tercer grado) y los primos hermanos (parientes de 4\u00ba grado)<\/p>\n\n\n\n<figure class=\"wp-block-table\"><table class=\"has-fixed-layout\"><tbody><tr><th><strong>Grados<\/strong><\/th><th colspan=\"4\"><strong>Titular\/Conyuge<\/strong><\/th><\/tr><tr><td>1\u00ba<\/td><td>Padres<\/td><td>Suegros<\/td><td>Hijos<\/td><td>Yerno\/Nuera<\/td><\/tr><tr><td>2\u00ba<\/td><td>Abuelos<\/td><td>Hermanos<\/td><td>Cu\u00f1ados<\/td><td>Nietos<\/td><\/tr><tr><td>3\u00ba<\/td><td>Bisabuelos<\/td><td>T\u00edos<\/td><td>Sobrinos<\/td><td>Biznietos<\/td><\/tr><tr><td>4\u00ba<\/td><td>Primos<\/td><td>&#8211;<\/td><td>&#8211;<\/td><td>&#8211;<\/td><\/tr><\/tbody><\/table><\/figure>\n\n\n\n<p>Se puede nombrar a un representante como la persona de confianza que en su d\u00eda podr\u00e1 interpretar sus valores personales y las instrucciones por usted expresadas. Ser\u00e1 el interlocutor v\u00e1lido con el equipo sanitario que le atienda.<\/p>\n\n\n\n<h2 class=\"wp-block-heading\" style=\"font-size:24px; color: #164969;\" style=\"\">\u00bfD\u00f3nde se entrega el documento de Voluntades Anticipadas?<\/h2>\n\n\n\n<p>Usted puede solicitar la inscripci\u00f3n&nbsp; del documento de VA en los Registros Auton\u00f3mico y Nacional de Instrucciones Previas. La inscripci\u00f3n le garantiza que el documento de VA est\u00e9 accesible para el equipo sanitario que le atienda.<\/p>\n\n\n\n<p>El documento de VA lo podr\u00e1 entregar el interesado, sus familiares, o el representante legal en:<\/p>\n\n\n\n<ul class=\"wp-block-list\">\n<li>Su Centro de Salud.<\/li>\n\n\n\n<li>En los Servicios de Atenci\u00f3n al Usuario.<\/li>\n\n\n\n<li>En los Servicios Provinciales de Salud (de Zaragoza, Huesca y Teruel).<\/li>\n\n\n\n<li>Directamente en el Registro de Voluntades Anticipadas (Direcci\u00f3n General de Atenci\u00f3n al Usuario) &#8211;\u00a0V\u00eda Universitas, 36 \u2013 4\u00aa Pl. 50017 Zaragoza. Tel\u00e9fono de contacto: 976713431<\/li>\n\n\n\n<li>Tambi\u00e9n puede enviarlo por correo.<\/li>\n<\/ul>\n\n\n\n<p><strong>El documento privado, ante testigos, ir\u00e1 acompa\u00f1ado siempre de las fotocopias compulsadas de los DNI del interesado, testigos y representante si lo hubiera. Estos tr\u00e1mites se podr\u00e1n hacer en el mismo Registro de VA.<\/strong><\/p>\n\n\n\n<p><a href=\"https:\/\/sectorteruel.salud.aragon.es\/\/wp-content\/uploads\/2025\/03\/Documento-orientativo-de-DVA.pdf\">\n<img decoding=\"async\" src=\"https:\/\/sectorteruel.salud.aragon.es\/\/wp-content\/uploads\/2025\/03\/iconoPDF.gif\" class=\"icono-pdf\"> Modelo orientativo de DOCUMENTO DE VOLUNTADES ANTICIPADAS<\/a><\/p>\n\n\n\n<h2 class=\"wp-block-heading\" style=\"font-size:24px; color: #164969;\" style=\"\">Informaci\u00f3n completa sobre el documento de voluntades anticipadas:<\/h2>\n\n\n\n<p>Salud Informa <a href=\"http:\/\/www.saludinforma.es\/opencms\/opencms\/03_Servicios_y_prestaciones\/3.4\/3.4.1.html\" target=\"_blank\" rel=\"noreferrer noopener\">www.saludinforma.es<\/a><\/p>\n\n<\/div>\n\n","protected":false},"excerpt":{"rendered":"","protected":false},"author":1,"featured_media":0,"comment_status":"closed","ping_status":"open","sticky":false,"template":"","format":"standard","meta":{"footnotes":""},"categories":[8,7],"tags":[],"class_list":["post-244","post","type-post","status-publish","format-standard","hentry","category-ciudadanos","category-subentrada"],"_links":{"self":[{"href":"https:\/\/sectorteruel.salud.aragon.es\/index.php?rest_route=\/wp\/v2\/posts\/244","targetHints":{"allow":["GET"]}}],"collection":[{"href":"https:\/\/sectorteruel.salud.aragon.es\/index.php?rest_route=\/wp\/v2\/posts"}],"about":[{"href":"https:\/\/sectorteruel.salud.aragon.es\/index.php?rest_route=\/wp\/v2\/types\/post"}],"author":[{"embeddable":true,"href":"https:\/\/sectorteruel.salud.aragon.es\/index.php?rest_route=\/wp\/v2\/users\/1"}],"replies":[{"embeddable":true,"href":"https:\/\/sectorteruel.salud.aragon.es\/index.php?rest_route=%2Fwp%2Fv2%2Fcomments&post=244"}],"version-history":[{"count":10,"href":"https:\/\/sectorteruel.salud.aragon.es\/index.php?rest_route=\/wp\/v2\/posts\/244\/revisions"}],"predecessor-version":[{"id":1131,"href":"https:\/\/sectorteruel.salud.aragon.es\/index.php?rest_route=\/wp\/v2\/posts\/244\/revisions\/1131"}],"wp:attachment":[{"href":"https:\/\/sectorteruel.salud.aragon.es\/index.php?rest_route=%2Fwp%2Fv2%2Fmedia&parent=244"}],"wp:term":[{"taxonomy":"category","embeddable":true,"href":"https:\/\/sectorteruel.salud.aragon.es\/index.php?rest_route=%2Fwp%2Fv2%2Fcategories&post=244"},{"taxonomy":"post_tag","embeddable":true,"href":"https:\/\/sectorteruel.salud.aragon.es\/index.php?rest_route=%2Fwp%2Fv2%2Ftags&post=244"}],"curies":[{"name":"wp","href":"https:\/\/api.w.org\/{rel}","templated":true}]}}