{"id":383,"date":"2025-03-26T08:34:11","date_gmt":"2025-03-26T07:34:11","guid":{"rendered":"http:\/\/sectorteruel.salud.aragon.es\/\/?p=383"},"modified":"2025-04-10T13:47:07","modified_gmt":"2025-04-10T11:47:07","slug":"bolsa-de-trabajo","status":"publish","type":"post","link":"https:\/\/sectorteruel.salud.aragon.es\/?p=383","title":{"rendered":"Bolsa de trabajo"},"content":{"rendered":"\n<div class=\"gap-xl contenedor\">\n<div class=\"elsidebar\">\n<nav data-module=\"c-menu-vertical\" aria-label=\"Menu vertical\" class=\"sidebar-entradas\">\n  <ul class=\"text-base\">\n    <li class=\"my-base break-inside-avoid-column\">\n      <a id=\"parent-example-item-1\" href=\"https:\/\/sectorteruel.salud.aragon.es\/?p=11\" class=\"block px-xs  focus:bg-warning-base focus:outline-none focus:shadow-outline-focus focus:text-black hover:text-primary-base hover:underline\">\n        Normativa y legislaci\u00f3n\n      <\/a>\n      <ul aria-labelledby=\"parent-example-item-1\" class=\"ul-circulo\">\n        <li class=\"m-base origin-top-left text-sm\">\n          <a id=\"sub-parent-example-item-1-1\" href=\"https:\/\/sectorteruel.salud.aragon.es\/?p=378\" class=\"block px-xs hover:text-primary-base hover:underline focus:bg-warning-base focus:outline-none focus:shadow-outline-focus focus:text-black\">\n            Agenda y noticias\n          <\/a>\n        <\/li>\n        <li class=\"m-base origin-top-left text-sm\">\n          <a id=\"sub-parent-example-item-1-2\" href=\"https:\/\/sectorteruel.salud.aragon.es\/?p=380\" class=\"block px-xs hover:text-primary-base hover:underline focus:bg-warning-base focus:outline-none focus:shadow-outline-focus focus:text-black\">\n           Gu\u00edas de acogida\n          <\/a>\n        <\/li>\n        <li class=\"m-base origin-top-left text-sm\">\n          <a id=\"sub-parent-example-item-1-3\" href=\"https:\/\/sectorteruel.salud.aragon.es\/?p=383\" class=\"block px-xs hover:text-primary-base hover:underline focus:bg-warning-base focus:outline-none focus:shadow-outline-focus focus:text-black\">\n            <strong>Bolsa de trabajo<\/strong>\n          <\/a>\n        <\/li>\n        <li class=\"m-base origin-top-left text-sm\">\n          <a id=\"sub-parent-example-item-1-3\" href=\"https:\/\/sectorteruel.salud.aragon.es\/?p=385\" class=\"block px-xs hover:text-primary-base hover:underline focus:bg-warning-base focus:outline-none focus:shadow-outline-focus focus:text-black\">\n            Ay\u00fadanos a mejorar\n          <\/a>\n        <\/li>\n      <\/ul>\n    <\/li>\n  <\/ul>\n<\/nav>\n<\/div>\n<!-- Principio del contenido -->\n<div class=\"elcontenido\">\n<div class=\"titulos\">\n\n<h2 class=\"wp-block-heading has-large-font-size\" style=\"color: #164969;\">Bolsa de trabajo<\/h2>\n\n<\/div>\n\n\n<p>Para trabajar en este centro as\u00ed como en el resto de centros de Arag\u00f3n dependientes del Servicio Aragon\u00e9s de Salud, tanto en primaria como en especializada, se debe estar apuntado en la bolsa de trabajo del servicio Aragon\u00e9s de salud.<\/p>\n\n\n\n<p>M\u00e1s informaci\u00f3n en <a href=\"https:\/\/empleo.salud.aragon.es\" target=\"_blank\" rel=\"noreferrer noopener\">https:\/\/empleo.salud.aragon.es<\/a><\/p>\n\n\n\n<p>Toda la informaci\u00f3n referida al empleo publico, ofertas de empleo, bolsa de trabajo, oposiciones, etc la pod\u00e9is consultar en la p\u00e1gina del Gobierno de Arag\u00f3n <a href=\"http:\/\/www.aragon.es\" target=\"_blank\" rel=\"noreferrer noopener\">www.aragon.es<\/a> en la secci\u00f3n de empleo publico o bien pulsando el siguiente enlace <a href=\"https:\/\/empleo.salud.aragon.es\" target=\"_blank\" rel=\"noreferrer noopener\">Empleo publico en Arag\u00f3n<\/a>.<\/p>\n\n<\/div>\n<!-- \/Fin del contenido -->\n","protected":false},"excerpt":{"rendered":"<p>Normativa y legislaci\u00f3n Agenda y noticias Gu\u00edas de acogida Bolsa de trabajo Ay\u00fadanos a mejorar Bolsa de trabajo Para trabajar en este centro as\u00ed como en el resto de centros de Arag\u00f3n dependientes del Servicio Aragon\u00e9s de Salud, tanto en primaria como en especializada, se debe estar apuntado en la bolsa de trabajo del servicio [&hellip;]<\/p>\n","protected":false},"author":1,"featured_media":0,"comment_status":"closed","ping_status":"open","sticky":false,"template":"","format":"standard","meta":{"footnotes":""},"categories":[9,7],"tags":[],"class_list":["post-383","post","type-post","status-publish","format-standard","hentry","category-profesionales","category-subentrada"],"_links":{"self":[{"href":"https:\/\/sectorteruel.salud.aragon.es\/index.php?rest_route=\/wp\/v2\/posts\/383","targetHints":{"allow":["GET"]}}],"collection":[{"href":"https:\/\/sectorteruel.salud.aragon.es\/index.php?rest_route=\/wp\/v2\/posts"}],"about":[{"href":"https:\/\/sectorteruel.salud.aragon.es\/index.php?rest_route=\/wp\/v2\/types\/post"}],"author":[{"embeddable":true,"href":"https:\/\/sectorteruel.salud.aragon.es\/index.php?rest_route=\/wp\/v2\/users\/1"}],"replies":[{"embeddable":true,"href":"https:\/\/sectorteruel.salud.aragon.es\/index.php?rest_route=%2Fwp%2Fv2%2Fcomments&post=383"}],"version-history":[{"count":5,"href":"https:\/\/sectorteruel.salud.aragon.es\/index.php?rest_route=\/wp\/v2\/posts\/383\/revisions"}],"predecessor-version":[{"id":1141,"href":"https:\/\/sectorteruel.salud.aragon.es\/index.php?rest_route=\/wp\/v2\/posts\/383\/revisions\/1141"}],"wp:attachment":[{"href":"https:\/\/sectorteruel.salud.aragon.es\/index.php?rest_route=%2Fwp%2Fv2%2Fmedia&parent=383"}],"wp:term":[{"taxonomy":"category","embeddable":true,"href":"https:\/\/sectorteruel.salud.aragon.es\/index.php?rest_route=%2Fwp%2Fv2%2Fcategories&post=383"},{"taxonomy":"post_tag","embeddable":true,"href":"https:\/\/sectorteruel.salud.aragon.es\/index.php?rest_route=%2Fwp%2Fv2%2Ftags&post=383"}],"curies":[{"name":"wp","href":"https:\/\/api.w.org\/{rel}","templated":true}]}}