{"id":447,"date":"2025-03-26T09:57:41","date_gmt":"2025-03-26T08:57:41","guid":{"rendered":"http:\/\/sectorteruel.salud.aragon.es\/\/?p=447"},"modified":"2025-04-10T13:56:33","modified_gmt":"2025-04-10T11:56:33","slug":"servicios-medicos","status":"publish","type":"post","link":"https:\/\/sectorteruel.salud.aragon.es\/?p=447","title":{"rendered":"Servicios m\u00e9dicos"},"content":{"rendered":"\n<div class=\"gap-xl contenedor\">\n<div class=\"elsidebar\">\n<nav data-module=\"c-menu-vertical\" aria-label=\"Menu vertical\" class=\"sidebar-entradas\">\n  <ul class=\"text-base\">\n    <li class=\"my-base break-inside-avoid-column\">\n      <a id=\"parent-example-item-1\" href=\"https:\/\/sectorteruel.salud.aragon.es\/?p=13\" class=\"block px-xs  focus:bg-warning-base focus:outline-none focus:shadow-outline-focus focus:text-black hover:text-primary-base hover:underline\">\n        Informaci\u00f3n corporativa\n      <\/a>\n      <ul aria-labelledby=\"parent-example-item-1\" class=\"ul-circulo\">\n        <li class=\"m-base origin-top-left text-sm\">\n          <a id=\"sub-parent-example-item-1-1\" href=\"https:\/\/sectorteruel.salud.aragon.es\/?p=438\" class=\"block px-xs hover:text-primary-base hover:underline focus:bg-warning-base focus:outline-none focus:shadow-outline-focus focus:text-black\">\n            Misi\u00f3n, Visi\u00f3n, Valores\n          <\/a>\n        <\/li>\n        <li class=\"m-base origin-top-left text-sm\">\n          <a id=\"sub-parent-example-item-1-2\" href=\"https:\/\/sectorteruel.salud.aragon.es\/?p=441\" class=\"block px-xs hover:text-primary-base hover:underline focus:bg-warning-base focus:outline-none focus:shadow-outline-focus focus:text-black\">\n            Objetivos\n          <\/a>\n        <\/li>\n        <li class=\"m-base origin-top-left text-sm\">\n          <a id=\"sub-parent-example-item-1-3\" href=\"https:\/\/sectorteruel.salud.aragon.es\/?p=443\" class=\"block px-xs hover:text-primary-base hover:underline focus:bg-warning-base focus:outline-none focus:shadow-outline-focus focus:text-black\">\n            Conratos de Gesti\u00f3n\n          <\/a>\n        <\/li>\n      <\/ul>\n    <\/li>\n  <\/ul>\n<ul class=\"text-base\">\n    <li class=\"my-base break-inside-avoid-column\">\n      <a id=\"parent-example-item-1\" href=\"https:\/\/sectorteruel.salud.aragon.es\/?p=445\" class=\"block px-xs  focus:bg-warning-base focus:outline-none focus:shadow-outline-focus focus:text-black hover:text-primary-base hover:underline\">\n        Organigrama\n      <\/a>\n<\/ul>\n<ul class=\"text-base\">\n    <li class=\"my-base break-inside-avoid-column\">\n      <a id=\"parent-example-item-1\" href=\"https:\/\/sectorteruel.salud.aragon.es\/?p=447\" class=\"block px-xs  focus:bg-warning-base focus:outline-none focus:shadow-outline-focus focus:text-black hover:text-primary-base hover:underline\">\n        <strong>Servicios m\u00e9dicos<\/strong>\n      <\/a>\n<\/ul>\n<ul class=\"text-base\">\n    <li class=\"my-base break-inside-avoid-column\">\n      <a id=\"parent-example-item-1\" href=\"https:\/\/sectorteruel.salud.aragon.es\/?p=449\" class=\"block px-xs  focus:bg-warning-base focus:outline-none focus:shadow-outline-focus focus:text-black hover:text-primary-base hover:underline\">\n     Servicios quir\u00fargicos\n      <\/a>\n<\/ul>\n<ul class=\"text-base\">\n    <li class=\"my-base break-inside-avoid-column\">\n      <a id=\"parent-example-item-1\" href=\"https:\/\/sectorteruel.salud.aragon.es\/?p=451\" class=\"block px-xs  focus:bg-warning-base focus:outline-none focus:shadow-outline-focus focus:text-black hover:text-primary-base hover:underline\">\n     Servicios centrales\n      <\/a>\n<\/ul>\n<ul class=\"text-base\">\n    <li class=\"my-base break-inside-avoid-column\">\n      <a id=\"parent-example-item-1\" href=\"https:\/\/sectorteruel.salud.aragon.es\/?p=453\" class=\"block px-xs  focus:bg-warning-base focus:outline-none focus:shadow-outline-focus focus:text-black hover:text-primary-base hover:underline\">\n     \u00c1rea enfermer\u00eda\n      <\/a>\n <ul aria-labelledby=\"parent-example-item-1\" class=\"ul-circulo\">\n        <li class=\"m-base origin-top-left text-sm\">\n          <a id=\"sub-parent-example-item-1-1\" href=\"https:\/\/sectorteruel.salud.aragon.es\/?p=455\" class=\"block px-xs hover:text-primary-base hover:underline focus:bg-warning-base focus:outline-none focus:shadow-outline-focus focus:text-black\">\n            Gu\u00edas de acogida\n          <\/a>\n        <\/li>\n <li class=\"m-base origin-top-left text-sm\">\n          <a id=\"sub-parent-example-item-1-1\" href=\"https:\/\/sectorteruel.salud.aragon.es\/?p=457\" class=\"block px-xs hover:text-primary-base hover:underline focus:bg-warning-base focus:outline-none focus:shadow-outline-focus focus:text-black\">\n            T\u00e9cnicas de enfermer\u00eda\n          <\/a>\n        <\/li>\n <\/ul>\n<\/ul>\n<ul class=\"text-base\">\n    <li class=\"my-base break-inside-avoid-column\">\n      <a id=\"parent-example-item-1\" href=\"https:\/\/sectorteruel.salud.aragon.es\/?p=459\" class=\"block px-xs  focus:bg-warning-base focus:outline-none focus:shadow-outline-focus focus:text-black hover:text-primary-base hover:underline\">\n        \u00c1rea de gesti\u00f3n y SSGG\n      <\/a>\n<\/ul>\n<ul class=\"text-base\">\n    <li class=\"my-base break-inside-avoid-column\">\n      <a id=\"parent-example-item-1\" href=\"https:\/\/sectorteruel.salud.aragon.es\/?p=461\" class=\"block px-xs  focus:bg-warning-base focus:outline-none focus:shadow-outline-focus focus:text-black hover:text-primary-base hover:underline\">\n     \u00c1rea de suministros y Contrat.\n      <\/a>\n<\/ul>\n<ul class=\"text-base\">\n    <li class=\"my-base break-inside-avoid-column\">\n      <a id=\"parent-example-item-1\" href=\"https:\/\/sectorteruel.salud.aragon.es\/?p=463\" class=\"block px-xs  focus:bg-warning-base focus:outline-none focus:shadow-outline-focus focus:text-black hover:text-primary-base hover:underline\">\n     Recursos materiales\n      <\/a>\n<\/ul>\n<ul class=\"text-base\">\n    <li class=\"my-base break-inside-avoid-column\">\n      <a id=\"parent-example-item-1\" href=\"https:\/\/sectorteruel.salud.aragon.es\/?p=465\" class=\"block px-xs  focus:bg-warning-base focus:outline-none focus:shadow-outline-focus focus:text-black hover:text-primary-base hover:underline\">\n     Prevenci\u00f3n de riesgos laborales\n      <\/a>\n<\/ul>\n<\/nav>\n<\/div>\n<!-- Principio del contenido -->\n<div class=\"elcontenido\">\n<div class=\"titulos\">\n\n<h2 class=\"wp-block-heading has-large-font-size\" style=\"color: #164969;\">Servicios m\u00e9dicos<\/h2>\n\n\n<h2 class=\"wp-block-heading\" style=\"font-size:28px; color: #164969;\" style=\"\">Especialidades y servicios<\/h2>\n\n<\/div>\n<ul>\n<li>\n<a href=\"https:\/\/sectorteruel.salud.aragon.es\/servicios-medicos-area-medica.php\"><strong>\u00c1rea M\u00e9dica<\/strong><\/a><br>\n<\/li>\n<a href=\"https:\/\/sectorteruel.salud.aragon.es\/servicios-medicos-alergologia.php\">Alergolog\u00eda<\/a><br>\n<a href=\"https:\/\/sectorteruel.salud.aragon.es\/servicios-medicos-digestivo.php\">Aparato Digestivo<\/a><br>\n<a href=\"#\">Cardiolog\u00eda<\/a><br>\n<a href=\"#\">Endocrinolog\u00eda<\/a><br>\n<a href=\"https:\/\/sectorteruel.salud.aragon.es\/servicios-medicos-nefrologia.php\">Nefrolog\u00eda<\/a><br>\n<a href=\"#\">Neumolog\u00eda<\/a><br>\n<a href=\"#\">Neurolog\u00eda<\/a><br>\n<a href=\"https:\/\/sectorteruel.salud.aragon.es\/servicios-medicos-medicina-interna.php\">Medicina Interna<\/a><br>\n<a href=\"#\">Reumatolog\u00eda<\/a><br>\n<li>\n<a href=\"https:\/\/sectorteruel.salud.aragon.es\/servicios-medicos-oncologia.php\"><strong>Oncolog\u00eda<\/strong><\/a><br>\n<\/li>\n<li>\n<a href=\"https:\/\/sectorteruel.salud.aragon.es\/servicios-medicos-pediatria.php\"><strong>Pediatr\u00eda<\/strong><\/a><br>\n<\/li>\n<li>\n<a href=\"https:\/\/sectorteruel.salud.aragon.es\/servicios-medicos-psiquiatria.php\"><strong>Unidad de Psiquiatr\u00eda<\/strong><\/a><br>\n<\/li>\n<\/ul>\n<\/div>\n<!-- \/Fin del contenido -->\n\n\n\n","protected":false},"excerpt":{"rendered":"<p>Informaci\u00f3n corporativa Misi\u00f3n, Visi\u00f3n, Valores Objetivos Conratos de Gesti\u00f3n Organigrama Servicios m\u00e9dicos Servicios quir\u00fargicos Servicios centrales \u00c1rea enfermer\u00eda Gu\u00edas de acogida T\u00e9cnicas de enfermer\u00eda \u00c1rea de gesti\u00f3n y SSGG \u00c1rea de suministros y Contrat. Recursos materiales Prevenci\u00f3n de riesgos laborales Servicios m\u00e9dicos Especialidades y servicios \u00c1rea M\u00e9dica Alergolog\u00eda Aparato Digestivo Cardiolog\u00eda Endocrinolog\u00eda Nefrolog\u00eda Neumolog\u00eda Neurolog\u00eda [&hellip;]<\/p>\n","protected":false},"author":1,"featured_media":0,"comment_status":"closed","ping_status":"open","sticky":false,"template":"","format":"standard","meta":{"footnotes":""},"categories":[11,7],"tags":[],"class_list":["post-447","post","type-post","status-publish","format-standard","hentry","category-elhospital","category-subentrada"],"_links":{"self":[{"href":"https:\/\/sectorteruel.salud.aragon.es\/index.php?rest_route=\/wp\/v2\/posts\/447","targetHints":{"allow":["GET"]}}],"collection":[{"href":"https:\/\/sectorteruel.salud.aragon.es\/index.php?rest_route=\/wp\/v2\/posts"}],"about":[{"href":"https:\/\/sectorteruel.salud.aragon.es\/index.php?rest_route=\/wp\/v2\/types\/post"}],"author":[{"embeddable":true,"href":"https:\/\/sectorteruel.salud.aragon.es\/index.php?rest_route=\/wp\/v2\/users\/1"}],"replies":[{"embeddable":true,"href":"https:\/\/sectorteruel.salud.aragon.es\/index.php?rest_route=%2Fwp%2Fv2%2Fcomments&post=447"}],"version-history":[{"count":12,"href":"https:\/\/sectorteruel.salud.aragon.es\/index.php?rest_route=\/wp\/v2\/posts\/447\/revisions"}],"predecessor-version":[{"id":1152,"href":"https:\/\/sectorteruel.salud.aragon.es\/index.php?rest_route=\/wp\/v2\/posts\/447\/revisions\/1152"}],"wp:attachment":[{"href":"https:\/\/sectorteruel.salud.aragon.es\/index.php?rest_route=%2Fwp%2Fv2%2Fmedia&parent=447"}],"wp:term":[{"taxonomy":"category","embeddable":true,"href":"https:\/\/sectorteruel.salud.aragon.es\/index.php?rest_route=%2Fwp%2Fv2%2Fcategories&post=447"},{"taxonomy":"post_tag","embeddable":true,"href":"https:\/\/sectorteruel.salud.aragon.es\/index.php?rest_route=%2Fwp%2Fv2%2Ftags&post=447"}],"curies":[{"name":"wp","href":"https:\/\/api.w.org\/{rel}","templated":true}]}}