{"id":453,"date":"2025-03-26T09:58:39","date_gmt":"2025-03-26T08:58:39","guid":{"rendered":"http:\/\/sectorteruel.salud.aragon.es\/\/?p=453"},"modified":"2025-04-10T13:57:39","modified_gmt":"2025-04-10T11:57:39","slug":"area-de-enfermeria","status":"publish","type":"post","link":"https:\/\/sectorteruel.salud.aragon.es\/?p=453","title":{"rendered":"\u00c1rea de enfermer\u00eda"},"content":{"rendered":"\n<div class=\"gap-xl contenedor\">\n<div class=\"elsidebar\">\n<nav data-module=\"c-menu-vertical\" aria-label=\"Menu vertical\" class=\"sidebar-entradas\">\n  <ul class=\"text-base\">\n    <li class=\"my-base break-inside-avoid-column\">\n      <a id=\"parent-example-item-1\" href=\"https:\/\/sectorteruel.salud.aragon.es\/?p=13\" class=\"block px-xs  focus:bg-warning-base focus:outline-none focus:shadow-outline-focus focus:text-black hover:text-primary-base hover:underline\">\n        Informaci\u00f3n corporativa\n      <\/a>\n      <ul aria-labelledby=\"parent-example-item-1\" class=\"ul-circulo\">\n        <li class=\"m-base origin-top-left text-sm\">\n          <a id=\"sub-parent-example-item-1-1\" href=\"https:\/\/sectorteruel.salud.aragon.es\/?p=438\" class=\"block px-xs hover:text-primary-base hover:underline focus:bg-warning-base focus:outline-none focus:shadow-outline-focus focus:text-black\">\n            Misi\u00f3n, Visi\u00f3n, Valores\n          <\/a>\n        <\/li>\n        <li class=\"m-base origin-top-left text-sm\">\n          <a id=\"sub-parent-example-item-1-2\" href=\"https:\/\/sectorteruel.salud.aragon.es\/?p=441\" class=\"block px-xs hover:text-primary-base hover:underline focus:bg-warning-base focus:outline-none focus:shadow-outline-focus focus:text-black\">\n            Objetivos\n          <\/a>\n        <\/li>\n        <li class=\"m-base origin-top-left text-sm\">\n          <a id=\"sub-parent-example-item-1-3\" href=\"https:\/\/sectorteruel.salud.aragon.es\/?p=443\" class=\"block px-xs hover:text-primary-base hover:underline focus:bg-warning-base focus:outline-none focus:shadow-outline-focus focus:text-black\">\n            Conratos de Gesti\u00f3n\n          <\/a>\n        <\/li>\n      <\/ul>\n    <\/li>\n  <\/ul>\n<ul class=\"text-base\">\n    <li class=\"my-base break-inside-avoid-column\">\n      <a id=\"parent-example-item-1\" href=\"https:\/\/sectorteruel.salud.aragon.es\/?p=445\" class=\"block px-xs  focus:bg-warning-base focus:outline-none focus:shadow-outline-focus focus:text-black hover:text-primary-base hover:underline\">\n        Organigrama\n      <\/a>\n<\/ul>\n<ul class=\"text-base\">\n    <li class=\"my-base break-inside-avoid-column\">\n      <a id=\"parent-example-item-1\" href=\"https:\/\/sectorteruel.salud.aragon.es\/?p=447\" class=\"block px-xs  focus:bg-warning-base focus:outline-none focus:shadow-outline-focus focus:text-black hover:text-primary-base hover:underline\">\n        Servicios m\u00e9dicos\n      <\/a>\n<\/ul>\n<ul class=\"text-base\">\n    <li class=\"my-base break-inside-avoid-column\">\n      <a id=\"parent-example-item-1\" href=\"https:\/\/sectorteruel.salud.aragon.es\/?p=449\" class=\"block px-xs  focus:bg-warning-base focus:outline-none focus:shadow-outline-focus focus:text-black hover:text-primary-base hover:underline\">\n     Servicios quir\u00fargicos\n      <\/a>\n<\/ul>\n<ul class=\"text-base\">\n    <li class=\"my-base break-inside-avoid-column\">\n      <a id=\"parent-example-item-1\" href=\"https:\/\/sectorteruel.salud.aragon.es\/?p=451\" class=\"block px-xs  focus:bg-warning-base focus:outline-none focus:shadow-outline-focus focus:text-black hover:text-primary-base hover:underline\">\n     Servicios centrales\n      <\/a>\n<\/ul>\n<ul class=\"text-base\">\n    <li class=\"my-base break-inside-avoid-column\">\n      <a id=\"parent-example-item-1\" href=\"https:\/\/sectorteruel.salud.aragon.es\/?p=453\" class=\"block px-xs  focus:bg-warning-base focus:outline-none focus:shadow-outline-focus focus:text-black hover:text-primary-base hover:underline\">\n     <strong>\u00c1rea enfermer\u00eda<\/strong>\n      <\/a>\n <ul aria-labelledby=\"parent-example-item-1\" class=\"ul-circulo\">\n        <li class=\"m-base origin-top-left text-sm\">\n          <a id=\"sub-parent-example-item-1-1\" href=\"https:\/\/sectorteruel.salud.aragon.es\/?p=455\" class=\"block px-xs hover:text-primary-base hover:underline focus:bg-warning-base focus:outline-none focus:shadow-outline-focus focus:text-black\">\n            Gu\u00edas de acogida\n          <\/a>\n        <\/li>\n <li class=\"m-base origin-top-left text-sm\">\n          <a id=\"sub-parent-example-item-1-1\" href=\"https:\/\/sectorteruel.salud.aragon.es\/?p=457\" class=\"block px-xs hover:text-primary-base hover:underline focus:bg-warning-base focus:outline-none focus:shadow-outline-focus focus:text-black\">\n            T\u00e9cnicas de enfermer\u00eda\n          <\/a>\n        <\/li>\n <\/ul>\n<\/ul>\n<ul class=\"text-base\">\n    <li class=\"my-base break-inside-avoid-column\">\n      <a id=\"parent-example-item-1\" href=\"https:\/\/sectorteruel.salud.aragon.es\/?p=459\" class=\"block px-xs  focus:bg-warning-base focus:outline-none focus:shadow-outline-focus focus:text-black hover:text-primary-base hover:underline\">\n        \u00c1rea de gesti\u00f3n y SSGG\n      <\/a>\n<\/ul>\n<ul class=\"text-base\">\n    <li class=\"my-base break-inside-avoid-column\">\n      <a id=\"parent-example-item-1\" href=\"https:\/\/sectorteruel.salud.aragon.es\/?p=461\" class=\"block px-xs  focus:bg-warning-base focus:outline-none focus:shadow-outline-focus focus:text-black hover:text-primary-base hover:underline\">\n     \u00c1rea de suministros y Contrat.\n      <\/a>\n<\/ul>\n<ul class=\"text-base\">\n    <li class=\"my-base break-inside-avoid-column\">\n      <a id=\"parent-example-item-1\" href=\"https:\/\/sectorteruel.salud.aragon.es\/?p=463\" class=\"block px-xs  focus:bg-warning-base focus:outline-none focus:shadow-outline-focus focus:text-black hover:text-primary-base hover:underline\">\n     Recursos materiales\n      <\/a>\n<\/ul>\n<ul class=\"text-base\">\n    <li class=\"my-base break-inside-avoid-column\">\n      <a id=\"parent-example-item-1\" href=\"https:\/\/sectorteruel.salud.aragon.es\/?p=465\" class=\"block px-xs  focus:bg-warning-base focus:outline-none focus:shadow-outline-focus focus:text-black hover:text-primary-base hover:underline\">\n     Prevenci\u00f3n de riesgos laborales\n      <\/a>\n<\/ul>\n<\/nav>\n<\/div>\n<!-- Principio del contenido -->\n<div class=\"elcontenido\">\n<div class=\"titulos\">\n\n<h2 class=\"wp-block-heading has-large-font-size\" style=\"color: #164969;\">\u00c1rea de enfermer\u00eda<\/h2>\n\n\n<h2 class=\"wp-block-heading\" style=\"font-size:28px; color: #164969;\" style=\"\">Especialidades y servicios<\/h2>\n\n<\/div>\n\n\n<figure class=\"wp-block-table\"><table class=\"has-fixed-layout\"><tbody><tr><th>\u00c1rea de enfermer\u00eda<\/th><\/tr><tr><td><a href=\"https:\/\/sectorteruel.salud.aragon.es\/\/wp-content\/uploads\/2025\/03\/unidad-de-enfermeria-de-especialidades-medico-quirurgicas.pdf\">\n<img decoding=\"async\" src=\"https:\/\/sectorteruel.salud.aragon.es\/\/wp-content\/uploads\/2025\/03\/iconoPDF.gif\" class=\"icono-pdf\"> Unidad de enfermer\u00eda de especialidades M\u00e9dico-quir\u00fargicas<\/a> (4\u00aa planta)<\/td><\/tr><tr><td><a href=\"https:\/\/sectorteruel.salud.aragon.es\/\/wp-content\/uploads\/2025\/03\/unidad-de-enfermeria-UCE-de-psiquiatria.pdf\">\n<img decoding=\"async\" src=\"https:\/\/sectorteruel.salud.aragon.es\/\/wp-content\/uploads\/2025\/03\/iconoPDF.gif\" class=\"icono-pdf\"> Unidad de enfermer\u00eda UCE de psiquiatr\u00eda<\/a> (3\u00aa derecha)<\/td><\/tr><tr><td><a href=\"https:\/\/sectorteruel.salud.aragon.es\/\/wp-content\/uploads\/2025\/03\/unidad-de-enfermeria-de-medicina-interna.pdf\">\n<img decoding=\"async\" src=\"https:\/\/sectorteruel.salud.aragon.es\/\/wp-content\/uploads\/2025\/03\/iconoPDF.gif\" class=\"icono-pdf\"> Unidad de enfermer\u00eda de medicina interna<\/a> (3\u00aa izquierda)<\/td><\/tr><tr><td><a href=\"https:\/\/sectorteruel.salud.aragon.es\/\/wp-content\/uploads\/2025\/03\/unidad-de-enfermeria-de-cirugia.pdff\">\n<img decoding=\"async\" src=\"https:\/\/sectorteruel.salud.aragon.es\/\/wp-content\/uploads\/2025\/03\/iconoPDF.gif\" class=\"icono-pdf\"> Unidad de enfermer\u00eda de cirug\u00eda <\/a>(2\u00aa derecha)<\/td><\/tr><tr><td><a href=\"https:\/\/sectorteruel.salud.aragon.es\/\/wp-content\/uploads\/2025\/03\/unidad-de-enfermeria-de-traumatologia.pdf\">\n<img decoding=\"async\" src=\"https:\/\/sectorteruel.salud.aragon.es\/\/wp-content\/uploads\/2025\/03\/iconoPDF.gif\" class=\"icono-pdf\"> Unidad de enfermer\u00eda de traumatolog\u00eda<\/a> (2\u00aa izquierda)<\/td><\/tr><tr><td><a href=\"https:\/\/sectorteruel.salud.aragon.es\/\/wp-content\/uploads\/2025\/03\/unidad-de-enfermeria-de-hemodialisis.pdf\">\n<img decoding=\"async\" src=\"https:\/\/sectorteruel.salud.aragon.es\/\/wp-content\/uploads\/2025\/03\/iconoPDF.gif\" class=\"icono-pdf\"> Unidad de enfermer\u00eda de hemodi\u00e1lisis<\/a> (2\u00aa planta)<\/td><\/tr><tr><td><a href=\"https:\/\/sectorteruel.salud.aragon.es\/\/wp-content\/uploads\/2025\/03\/unidad-de-enfermeria-de-UCI-1.pdf\">\n<img decoding=\"async\" src=\"https:\/\/sectorteruel.salud.aragon.es\/\/wp-content\/uploads\/2025\/03\/iconoPDF.gif\" class=\"icono-pdf\"> Unidad de enfermer\u00eda de UCI<\/a> (2\u00aa planta)<\/td><\/tr><tr><td><a href=\"https:\/\/sectorteruel.salud.aragon.es\/\/wp-content\/uploads\/2025\/03\/unidad-de-enfermeria-de-pediatria.pdf\">\n<img decoding=\"async\" src=\"https:\/\/sectorteruel.salud.aragon.es\/\/wp-content\/uploads\/2025\/03\/iconoPDF.gif\" class=\"icono-pdf\"> Unidad de enfermer\u00eda de pediatr\u00eda<\/a> (1\u00aa izquierda)<\/td><\/tr><tr><td><a href=\"https:\/\/sectorteruel.salud.aragon.es\/\/wp-content\/uploads\/2025\/03\/unidad-de-enfermeria-de-tocoginecologia-y-cardiologia.pdf\">\n<img decoding=\"async\" src=\"https:\/\/sectorteruel.salud.aragon.es\/\/wp-content\/uploads\/2025\/03\/iconoPDF.gif\" class=\"icono-pdf\"> Unidad de enfermer\u00eda de&nbsp; tocoginecolog\u00eda y cardiolog\u00eda<\/a> (1\u00aa derecha)<\/td><\/tr><tr><td>Unidad de enfermer\u00eda de paritorio (1\u00aa planta)<\/td><\/tr><tr><td><a href=\"https:\/\/sectorteruel.salud.aragon.es\/\/wp-content\/uploads\/2025\/03\/unidad-de-enfermeria-de-quirofano.pdf\">\n<img decoding=\"async\" src=\"https:\/\/sectorteruel.salud.aragon.es\/\/wp-content\/uploads\/2025\/03\/iconoPDF.gif\" class=\"icono-pdf\"> Unidad de enfermer\u00eda de quir\u00f3fano<\/a> (1\u00aa planta)<\/td><\/tr><tr><td>Unidad de enfermer\u00eda de urgencias (Planta 0)<\/td><\/tr><tr><td>Unidad de enfermer\u00eda de radiodiagn\u00f3stico (planta 0)<\/td><\/tr><tr><td><a href=\"https:\/\/sectorteruel.salud.aragon.es\/\/wp-content\/uploads\/2025\/03\/unidad-de-enfermeria-de-farmacia.pdf\">\n<img decoding=\"async\" src=\"https:\/\/sectorteruel.salud.aragon.es\/\/wp-content\/uploads\/2025\/03\/iconoPDF.gif\" class=\"icono-pdf\"> Unidad de enfermer\u00eda de Farmacia<\/a> (planta 0)<\/td><\/tr><tr><td>Unidad de enfermer\u00eda de consultas externas<\/td><\/tr><tr><td>Unidad de enfermer\u00eda de laboratorio de an\u00e1lisis cl\u00ednicos<\/td><\/tr><tr><td><a href=\"https:\/\/sectorteruel.salud.aragon.es\/\/wp-content\/uploads\/2025\/03\/unidad-de-enfermeria-de-hematologia.pdf\">\n<img decoding=\"async\" src=\"https:\/\/sectorteruel.salud.aragon.es\/\/wp-content\/uploads\/2025\/03\/iconoPDF.gif\" class=\"icono-pdf\"> Unidad de enfermer\u00eda de hematolog\u00eda<\/a><\/td><\/tr><tr><td>Unidad de enfermer\u00eda de Anatom\u00eda Patol\u00f3gica<\/td><\/tr><tr><td><a href=\"https:\/\/sectorteruel.salud.aragon.es\/\/wp-content\/uploads\/2025\/03\/unidad-de-enfermeria-de-oncologia.pdf\">\n<img decoding=\"async\" src=\"https:\/\/sectorteruel.salud.aragon.es\/\/wp-content\/uploads\/2025\/03\/iconoPDF.gif\" class=\"icono-pdf\"> Unidad de enfermer\u00eda del hospital de d\u00eda de oncohematol\u00f3gico<\/a><\/td><\/tr><tr><td><a href=\"https:\/\/sectorteruel.salud.aragon.es\/\/wp-content\/uploads\/2025\/03\/unidad-de-enfermeria-de-rehabiliatacion.pdf\">\n<img decoding=\"async\" src=\"https:\/\/sectorteruel.salud.aragon.es\/\/wp-content\/uploads\/2025\/03\/iconoPDF.gif\" class=\"icono-pdf\"> Unidad de enfermer\u00eda de rehabilitaci\u00f3n<\/a><\/td><\/tr><tr><td>Unidad de enfermer\u00eda de medicina preventiva y esterilizaci\u00f3n.<\/td><\/tr><tr><td>Unidad de enfermer\u00eda de pruebas funcionales.<\/td><\/tr><tr><td>Direcci\u00f3n de enfermer\u00eda.<\/td><\/tr><\/tbody><\/table><\/figure>\n\n<\/div>\n<!-- \/Fin del contenido -->\n\n","protected":false},"excerpt":{"rendered":"<p>Informaci\u00f3n corporativa Misi\u00f3n, Visi\u00f3n, Valores Objetivos Conratos de Gesti\u00f3n Organigrama Servicios m\u00e9dicos Servicios quir\u00fargicos Servicios centrales \u00c1rea enfermer\u00eda Gu\u00edas de acogida T\u00e9cnicas de enfermer\u00eda \u00c1rea de gesti\u00f3n y SSGG \u00c1rea de suministros y Contrat. Recursos materiales Prevenci\u00f3n de riesgos laborales \u00c1rea de enfermer\u00eda Especialidades y servicios \u00c1rea de enfermer\u00eda Unidad de enfermer\u00eda de especialidades M\u00e9dico-quir\u00fargicas [&hellip;]<\/p>\n","protected":false},"author":1,"featured_media":0,"comment_status":"closed","ping_status":"open","sticky":false,"template":"","format":"standard","meta":{"footnotes":""},"categories":[11,7],"tags":[],"class_list":["post-453","post","type-post","status-publish","format-standard","hentry","category-elhospital","category-subentrada"],"_links":{"self":[{"href":"https:\/\/sectorteruel.salud.aragon.es\/index.php?rest_route=\/wp\/v2\/posts\/453","targetHints":{"allow":["GET"]}}],"collection":[{"href":"https:\/\/sectorteruel.salud.aragon.es\/index.php?rest_route=\/wp\/v2\/posts"}],"about":[{"href":"https:\/\/sectorteruel.salud.aragon.es\/index.php?rest_route=\/wp\/v2\/types\/post"}],"author":[{"embeddable":true,"href":"https:\/\/sectorteruel.salud.aragon.es\/index.php?rest_route=\/wp\/v2\/users\/1"}],"replies":[{"embeddable":true,"href":"https:\/\/sectorteruel.salud.aragon.es\/index.php?rest_route=%2Fwp%2Fv2%2Fcomments&post=453"}],"version-history":[{"count":12,"href":"https:\/\/sectorteruel.salud.aragon.es\/index.php?rest_route=\/wp\/v2\/posts\/453\/revisions"}],"predecessor-version":[{"id":1155,"href":"https:\/\/sectorteruel.salud.aragon.es\/index.php?rest_route=\/wp\/v2\/posts\/453\/revisions\/1155"}],"wp:attachment":[{"href":"https:\/\/sectorteruel.salud.aragon.es\/index.php?rest_route=%2Fwp%2Fv2%2Fmedia&parent=453"}],"wp:term":[{"taxonomy":"category","embeddable":true,"href":"https:\/\/sectorteruel.salud.aragon.es\/index.php?rest_route=%2Fwp%2Fv2%2Fcategories&post=453"},{"taxonomy":"post_tag","embeddable":true,"href":"https:\/\/sectorteruel.salud.aragon.es\/index.php?rest_route=%2Fwp%2Fv2%2Ftags&post=453"}],"curies":[{"name":"wp","href":"https:\/\/api.w.org\/{rel}","templated":true}]}}