{"id":539,"date":"2025-03-26T12:21:58","date_gmt":"2025-03-26T11:21:58","guid":{"rendered":"http:\/\/sectorteruel.salud.aragon.es\/\/?p=539"},"modified":"2025-04-10T14:03:53","modified_gmt":"2025-04-10T12:03:53","slug":"programa-focuss","status":"publish","type":"post","link":"https:\/\/sectorteruel.salud.aragon.es\/?p=539","title":{"rendered":"Programa FOCUSS"},"content":{"rendered":"\n<div class=\"gap-xl contenedor\">\n<div class=\"elsidebar\">\n<nav data-module=\"c-menu-vertical\" aria-label=\"Menu vertical\" class=\"sidebar-entradas\">\n  <ul class=\"text-base\">\n    <li class=\"my-base break-inside-avoid-column\">\n      <a id=\"parent-example-item-1\" href=\"https:\/\/sectorteruel.salud.aragon.es\/?p=15\" class=\"block px-xs  focus:bg-warning-base focus:outline-none focus:shadow-outline-focus focus:text-black hover:text-primary-base hover:underline\">\n        Formaci\u00f3n\n      <\/a>\n      <ul aria-labelledby=\"parent-example-item-1\" class=\"ul-circulo\">\n        <li class=\"m-base origin-top-left text-sm\">\n          <a id=\"sub-parent-example-item-1-1\" href=\"https:\/\/sectorteruel.salud.aragon.es\/?p=531\" class=\"block px-xs hover:text-primary-base hover:underline focus:bg-warning-base focus:outline-none focus:shadow-outline-focus focus:text-black\">\n            Formaci\u00f3n MIR\n          <\/a>\n        <\/li>\n        <li class=\"m-base origin-top-left text-sm\">\n          <a id=\"sub-parent-example-item-1-2\" href=\"https:\/\/sectorteruel.salud.aragon.es\/?p=533\" class=\"block px-xs hover:text-primary-base hover:underline focus:bg-warning-base focus:outline-none focus:shadow-outline-focus focus:text-black\">\n            Formaci\u00f3n Pregrado\n          <\/a>\n        <\/li>\n        <li class=\"m-base origin-top-left text-sm\">\n          <a id=\"sub-parent-example-item-1-3\" href=\"https:\/\/sectorteruel.salud.aragon.es\/?p=535\" class=\"block px-xs hover:text-primary-base hover:underline focus:bg-warning-base focus:outline-none focus:shadow-outline-focus focus:text-black\">\n            Memorias de Formaci\u00f3n\n          <\/a>\n        <\/li>\n      <\/ul>\n    <\/li>\n  <\/ul>\n  <ul class=\"text-base\">\n    <li class=\"my-base break-inside-avoid-column\">\n      <a id=\"parent-example-item-1\" href=\"https:\/\/sectorteruel.salud.aragon.es\/?p=537\" class=\"block px-xs  focus:bg-warning-base focus:outline-none focus:shadow-outline-focus focus:text-black hover:text-primary-base hover:underline\">\n        Investigaci\u00f3n\n      <\/a>\n<\/ul>\n  <ul class=\"text-base\">\n    <li class=\"my-base break-inside-avoid-column\">\n      <a id=\"parent-example-item-1\" href=\"https:\/\/sectorteruel.salud.aragon.es\/?p=539\" class=\"block px-xs  focus:bg-warning-base focus:outline-none focus:shadow-outline-focus focus:text-black hover:text-primary-base hover:underline\">\n     <strong>Programa FOCUSS<\/strong>\n      <\/a>\n<\/ul>\n  <ul class=\"text-base\">\n    <li class=\"my-base break-inside-avoid-column\">\n      <a id=\"parent-example-item-1\" href=\"https:\/\/sectorteruel.salud.aragon.es\/?p=541\" class=\"block px-xs  focus:bg-warning-base focus:outline-none focus:shadow-outline-focus focus:text-black hover:text-primary-base hover:underline\">\n     Jornadas cient\u00edficas\n      <\/a>\n<\/ul>\n<\/nav>\n<\/div>\n<!-- Principio del contenido -->\n<div class=\"elcontenido\">\n<div class=\"titulos\">\n\n<h2 class=\"wp-block-heading has-large-font-size\" style=\"color: #164969;\">Programa FOCUSS<\/h2>\n\n\n<h2 class=\"wp-block-heading\" style=\"font-size:28px; color: #164969;\" style=\"\">(Formaci\u00f3n Organizada en Competencias Utilizadas en el Sistema de Salud)<\/h2>\n\n<\/div>\n\n\n<h2 class=\"wp-block-heading\" style=\"font-size:24px; color: #164969;\" style=\"\">\u00bfQu\u00e9 es un programa de formaci\u00f3n focuss?<\/h2>\n\n\n\n<p>A iniciativa del I+CS, y junto con representantes de diversas \u00e1reas del Sistema Sanitario P\u00fablico de Arag\u00f3n, se ha dise\u00f1ado el programa de formaci\u00f3n organizada en competencias utilizadas en el Sistema de Salud \u00abfocuss\u00bb cuyo objetivo principal es mejorar las competencias de los profesionales del Sistema Sanitario P\u00fablico de Arag\u00f3n favoreciendo la adquisici\u00f3n de conocimientos, destrezas y capacidades organizativas. Para ello se contempla la realizaci\u00f3n de programas cortos de formaci\u00f3n pr\u00e1ctica en aquellos centros o servicios cuyo funcionamiento cumpla los criterios necesarios para impartir este tipo de formaci\u00f3n.<\/p>\n\n\n\n<h2 class=\"wp-block-heading\" style=\"font-size:24px; color: #164969;\" style=\"\">\u00bfQui\u00e9n puede solicitar un programa de formaci\u00f3n focuss?<\/h2>\n\n\n\n<p>Un programa de formaci\u00f3n focuss puede ser solicitado por cualquier trabajador del Sistema Sanitario P\u00fablico de Arag\u00f3n siempre y cuando cumpla los requisitos previos que se establecen para cada uno de ellos y que los procedimientos y t\u00e9cnicas que se vayan a aprender est\u00e9n disponibles en sus centros de trabajo o est\u00e9 prevista su puesta en marcha.<\/p>\n\n\n\n<p>Puedes solicitarlo si:<\/p>\n\n\n\n<ul class=\"wp-block-list\">\n<li>Trabajas en el Sistema Sanitario P\u00fablico de Arag\u00f3n<\/li>\n\n\n\n<li>Los procedimientos y t\u00e9cnicas que vas a aprender est\u00e1n disponibles en tu centro de trabajo o est\u00e1 prevista su puesta en marcha<\/li>\n\n\n\n<li>Presentas el perfil profesional al que van destinados los programas.<\/li>\n<\/ul>\n\n\n\n<h2 class=\"wp-block-heading\" style=\"font-size:24px; color: #164969;\" style=\"\">Lista de programas focuss y solicitud de participaci\u00f3n<\/h2>\n\n\n\n<p>La lista de programa focuss que forman parte de la 6\u00aa convocatoria as\u00ed como el formulario de solicitud de participaci\u00f3n pueden consultarse en la direcci\u00f3n web <a href=\"http:\/\/www.aragon.es\">www.aragon.es<\/a> y, desde all\u00ed, seleccionar: Departamentos y organismos p\u00fablicos \/ Departamento de salud y consumo \/ Servicio aragon\u00e9s salud \/ Informaci\u00f3n al profesional \/ Formaci\u00f3n \/ Programa focuss \/ listado de programas).<\/p>\n\n\n\n<p>Una vez cumplimentado el formulario, con el visto bueno de su responsable y la valoraci\u00f3n y firma del director de AP de su sector o del director del hospital, se remitir\u00e1 a la sede del I+CS (Avda. G\u00f3mez Laguna, 25 3\u00aa planta 50009 Zaragoza) desde donde se confirmar\u00e1 la recepci\u00f3n de la solicitud siempre que esta est\u00e9 correctamente cumplimentada, valorada y firmada y se haya indicado una direcci\u00f3n de correo electr\u00f3nico de contacto.<\/p>\n\n\n\n<h2 class=\"wp-block-heading\" style=\"font-size:24px; color: #164969;\" style=\"\">\u00bfHasta qu\u00e9 fecha se puede solicitar?<\/h2>\n\n\n\n<p>Aunque el I+CS tiene abierta siempre la recepci\u00f3n de programas, la fecha l\u00edmite para que las nuevas propuestas puedan formar parte de la sexta convocatoria es el 30 de septiembre de 2010.<\/p>\n\n\n\n<h2 class=\"wp-block-heading\" style=\"font-size:24px; color: #164969;\" style=\"\">Criterios de asignaci\u00f3n de plazas<\/h2>\n\n\n\n<p>Dado que el n\u00famero de plazas para cada programa es limitado, \u00e9stas se asignar\u00e1n teniendo en cuenta los siguientes criterios:<\/p>\n\n\n\n<ul class=\"wp-block-list\">\n<li>Ubicaci\u00f3n del centro donde trabaje el solicitante (se favorecer\u00e1n aquellos profesionales cuyo centro de trabajo est\u00e9 alejado de Zaragoza). \u00a0<\/li>\n\n\n\n<li>Grado de inter\u00e9s que la direcci\u00f3n tenga en que el profesional asista al<br>programa de formaci\u00f3n.<\/li>\n\n\n\n<li>Aquellos profesionales que hayan participado en el proyecto focuss bien como<br>formadores, tutores, elaboradores o consultores, tendr\u00e1n preferencia sobre<br>aquellos que no hayan colaborado.<\/li>\n\n\n\n<li>Tiempo trabajado en el Sistema Sanitario P\u00fablico (s\u00f3lo en caso de igualdad de<br>condiciones de los criterios anteriores).<\/li>\n\n\n\n<li>Aquellos profesionales que ya hubiesen participado como alumnos en la<br>anterior convocatoria tendr\u00e1n menos prioridad a la hora de asignaci\u00f3n de<br>plazas.<\/li>\n<\/ul>\n\n\n\n<h2 class=\"wp-block-heading\" style=\"font-size:24px; color: #164969;\" style=\"\">\u00bfCu\u00e1ndo se llevar\u00e1n a cabo los programas de esta convocatoria?<\/h2>\n\n\n\n<p>Los programas de la 6\u00aa convocatoria focuss se desarrollar\u00e1n entre septiembre y diciembre de 2009.<\/p>\n\n\n\n<h2 class=\"wp-block-heading\" style=\"font-size:24px; color: #164969;\" style=\"\">\u00bfC\u00f3mo puedo saber si me han admitido en un programa?<\/h2>\n\n\n\n<p>A todos los profesionales que soliciten asistir a un programa focuss se les informar\u00e1 antes de mediados de septiembre si finalmente han sido aceptados o no.<\/p>\n\n\n\n<h2 class=\"wp-block-heading\" style=\"font-size:24px; color: #164969;\" style=\"\">Ayudas econ\u00f3micas<\/h2>\n\n\n\n<p>Como compensaci\u00f3n por gastos de desplazamiento, alojamiento y manutenci\u00f3n, los alumnos percibir\u00e1n, en su caso, una cantidad an\u00e1loga a la fijada en el decreto 62\/1982 de 5 de julio.<\/p>\n\n\n\n<h2 class=\"wp-block-heading\" style=\"font-size:24px; color: #164969;\" style=\"\">Conciliaci\u00f3n de vida familiar y laboral<\/h2>\n\n\n\n<p>Aquellos solicitantes que se encuentren en circunstancias con necesidad de especial protecci\u00f3n de terceros dependientes, podr\u00e1n solicitar, previa acreditaci\u00f3n de la dependencia, una ayuda econ\u00f3mica que en ning\u00fan caso podr\u00e1 superar la cantidad de 28 \u20ac por d\u00eda.<\/p>\n\n\n\n<h2 class=\"wp-block-heading\" style=\"font-size:24px; color: #164969;\" style=\"\">C\u00f3mo puedo obtener m\u00e1s informaci\u00f3n<\/h2>\n\n\n\n<p>Si desea cualquier tipo de informaci\u00f3n adicional puede consultar la p\u00e1gina web del gobierno de Arag\u00f3n <a href=\"http:\/\/www.aragon.es\">www.aragon.es<\/a> y desde all\u00ed seleccionar: Departamentos y Organismos P\u00fablicos &#8212; Departamento de Salud y Consumo &#8212; Servicio Aragon\u00e9s de Salud \/ Informaci\u00f3n al profesional &#8212; Formaci\u00f3n &#8212; Programa focuss.<\/p>\n\n\n\n<p>Si en la elaboraci\u00f3n de un programa surgiera alguna duda o pregunta, os pod\u00e9is dirigir a Sonia Montaner (976 716 782 <a href=\"mailto:smontaner.iacs@aragon.es\">smontaner.iacs@aragon.es<\/a>) o a Rosa L\u00f3pez (976 716 862 <a href=\"mailto:rmlopeze.iacs@aragon.es\">rmlopeze.iacs@aragon.es<\/a>) o bien escribir un correo a la direcci\u00f3n <a href=\"mailto:focuss@aragon.es\">focuss@aragon.es<\/a><\/p>\n\n\n\n<hr class=\"wp-block-separator has-alpha-channel-opacity\"\/>\n\n\n\n<h2 class=\"wp-block-heading\" style=\"font-size:24px; color: #164969;\" style=\"\">C\u00f3mo hacer operativa la solicitud de posibles programas formativos Focuss<\/h2>\n\n\n\n<p>Para hacer operativa esta petici\u00f3n de posibles programas formativos focuss hay que cumplimentar los formularios adjuntos:<\/p>\n\n\n\n<ul class=\"wp-block-list\">\n<li>Solicitud de Reconocimiento de Programa Formativo, donde se describe la t\u00e9cnica en la que se va a formar (objetivos, actividades, duraci\u00f3n&#8230;)<\/li>\n\n\n\n<li>Solicitud de reconocimiento de Unidad Formativa, donde se indica la unidad o unidades formativas donde se realizar\u00e1 la actividad.<\/li>\n\n\n\n<li>Solicitud de Reconocimiento de Tutor y\/o Formador, (1 documento por profesional), donde se declaran los profesionales que van a intervenir en la acci\u00f3n formativa.<\/li>\n<\/ul>\n\n\n\n<p>Estos formularios deber\u00e1n ser firmados por los Directores de Atenci\u00f3n Primaria o del Hospital correspondiente y, adicionalmente, el de reconocimiento de programa formativo, tendr\u00e1 que ser valorado en relaci\u00f3n al Contrato Programa, la Cartera de Servicios, la Gesti\u00f3n de la Demanda y la Mejora de la Calidad.<\/p>\n\n\n\n<h2 class=\"wp-block-heading\" style=\"font-size:24px; color: #164969;\" style=\"\">Archivos convocatoria 2010<\/h2>\n\n<ul>\n<li>\n\n<p><a href=\"https:\/\/sectorteruel.salud.aragon.es\/\/wp-content\/uploads\/2025\/03\/1-solicitud-reconocimiento-programa.doc\">\n<img decoding=\"async\" src=\"https:\/\/sectorteruel.salud.aragon.es\/\/wp-content\/uploads\/2025\/03\/iconoWord.gif\" class=\"icono-pdf\"> Solicitud Reconocimiento Programa<\/a><\/p>\n\n<\/li>\n<li>\n\n<p><a href=\"https:\/\/sectorteruel.salud.aragon.es\/\/wp-content\/uploads\/2025\/03\/2-solicitud-reconocimiento-unidad-formativa.doc\">\n<img decoding=\"async\" src=\"https:\/\/sectorteruel.salud.aragon.es\/\/wp-content\/uploads\/2025\/03\/iconoWord.gif\" class=\"icono-pdf\"> Solicitud Reconocimiento Unidad Formativa<\/a><\/p>\n\n<\/li>\n<li>\n\n<p><a href=\"https:\/\/sectorteruel.salud.aragon.es\/\/wp-content\/uploads\/2025\/03\/3-solicitud-reconocimiento-fot.doc\">\n<img decoding=\"async\" src=\"https:\/\/sectorteruel.salud.aragon.es\/\/wp-content\/uploads\/2025\/03\/iconoWord.gif\" class=\"icono-pdf\"> Solicitud Reconocimiento Formadores \u00f3 Tutores<\/a><\/p>\n\n<\/li>\n<\/ul>\n\n<h2 class=\"wp-block-heading\" style=\"font-size:24px; color: #164969;\" style=\"\">Hist\u00f3rico de archivos convocatorias anteriores<\/h2>\n\n<ul>\n<li>\n\n<p><a href=\"https:\/\/sectorteruel.salud.aragon.es\/\/wp-content\/uploads\/2025\/03\/folleto-focuss.pdf\">\n<img decoding=\"async\" src=\"https:\/\/sectorteruel.salud.aragon.es\/\/wp-content\/uploads\/2025\/03\/iconoPDF.gif\" class=\"icono-pdf\"> \nFolleto Informativo Focuss 2007<\/a><\/p>\n\n<\/li>\n<li>\n\n<p><a href=\"https:\/\/sectorteruel.salud.aragon.es\/\/wp-content\/uploads\/2025\/03\/bases3convocatoria.pdf\">\n<img decoding=\"async\" src=\"https:\/\/sectorteruel.salud.aragon.es\/\/wp-content\/uploads\/2025\/03\/iconoPDF.gif\" class=\"icono-pdf\"> \nBases 3\u00aa Convocatoria<\/a><\/p>\n\n<\/li>\n<li>\n\n<p><a href=\"https:\/\/sectorteruel.salud.aragon.es\/\/wp-content\/uploads\/2025\/03\/bases2convocatoria.pdf\">\n<img decoding=\"async\" src=\"https:\/\/sectorteruel.salud.aragon.es\/\/wp-content\/uploads\/2025\/03\/iconoPDF.gif\" class=\"icono-pdf\"> \nBases 2\u00aa Convocatoria<\/a><\/p>\n\n<\/li>\n<li>\n\n<p><a href=\"https:\/\/sectorteruel.salud.aragon.es\/\/wp-content\/uploads\/2025\/03\/programa2008.pdf\">\n<img decoding=\"async\" src=\"https:\/\/sectorteruel.salud.aragon.es\/\/wp-content\/uploads\/2025\/03\/iconoPDF.gif\" class=\"icono-pdf\"> \nPrograma 2008<\/a><\/p>\n\n<\/li>\n<li>\n\n<p><a href=\"https:\/\/sectorteruel.salud.aragon.es\/\/wp-content\/uploads\/2025\/03\/programa2007.pdf\">\n<img decoding=\"async\" src=\"https:\/\/sectorteruel.salud.aragon.es\/\/wp-content\/uploads\/2025\/03\/iconoPDF.gif\" class=\"icono-pdf\"> \nPrograma 2007<\/a><\/p>\n\n<\/li>\n<li>\n\n<p><a href=\"https:\/\/sectorteruel.salud.aragon.es\/\/wp-content\/uploads\/2025\/03\/1-solicitud-reconocimiento-programa.pdf\">\n<img decoding=\"async\" src=\"https:\/\/sectorteruel.salud.aragon.es\/\/wp-content\/uploads\/2025\/03\/iconoPDF.gif\" class=\"icono-pdf\"> \nImpreso 1\u00aa Solicitud Reconcimiento Programa FOCUSS<\/a><\/p>\n\n<\/li>\n<li>\n\n<p><a href=\"https:\/\/sectorteruel.salud.aragon.es\/\/wp-content\/uploads\/2025\/03\/2-solicitud-reconocimiento-programa.pdf\">\n<img decoding=\"async\" src=\"https:\/\/sectorteruel.salud.aragon.es\/\/wp-content\/uploads\/2025\/03\/iconoPDF.gif\" class=\"icono-pdf\"> \nImpreso 2\u00aa Solicitud Reconcimiento Programa FOCUSS<\/a><\/p>\n\n<\/li>\n<li>\n\n<p><a href=\"https:\/\/sectorteruel.salud.aragon.es\/\/wp-content\/uploads\/2025\/03\/3-solicitud-reconocimiento-programa-2.pdf\">\n<img decoding=\"async\" src=\"https:\/\/sectorteruel.salud.aragon.es\/\/wp-content\/uploads\/2025\/03\/iconoPDF.gif\" class=\"icono-pdf\"> \nImpreso 3\u00aa Solicitud Reconcimiento Programa FOCUSS<\/a><\/p>\n\n<\/li>\n<ul>\n<\/div>\n<!-- \/Fin del contenido -->\n\n","protected":false},"excerpt":{"rendered":"","protected":false},"author":1,"featured_media":0,"comment_status":"closed","ping_status":"open","sticky":false,"template":"","format":"standard","meta":{"footnotes":""},"categories":[12,7],"tags":[],"class_list":["post-539","post","type-post","status-publish","format-standard","hentry","category-formacion","category-subentrada"],"_links":{"self":[{"href":"https:\/\/sectorteruel.salud.aragon.es\/index.php?rest_route=\/wp\/v2\/posts\/539","targetHints":{"allow":["GET"]}}],"collection":[{"href":"https:\/\/sectorteruel.salud.aragon.es\/index.php?rest_route=\/wp\/v2\/posts"}],"about":[{"href":"https:\/\/sectorteruel.salud.aragon.es\/index.php?rest_route=\/wp\/v2\/types\/post"}],"author":[{"embeddable":true,"href":"https:\/\/sectorteruel.salud.aragon.es\/index.php?rest_route=\/wp\/v2\/users\/1"}],"replies":[{"embeddable":true,"href":"https:\/\/sectorteruel.salud.aragon.es\/index.php?rest_route=%2Fwp%2Fv2%2Fcomments&post=539"}],"version-history":[{"count":10,"href":"https:\/\/sectorteruel.salud.aragon.es\/index.php?rest_route=\/wp\/v2\/posts\/539\/revisions"}],"predecessor-version":[{"id":1168,"href":"https:\/\/sectorteruel.salud.aragon.es\/index.php?rest_route=\/wp\/v2\/posts\/539\/revisions\/1168"}],"wp:attachment":[{"href":"https:\/\/sectorteruel.salud.aragon.es\/index.php?rest_route=%2Fwp%2Fv2%2Fmedia&parent=539"}],"wp:term":[{"taxonomy":"category","embeddable":true,"href":"https:\/\/sectorteruel.salud.aragon.es\/index.php?rest_route=%2Fwp%2Fv2%2Fcategories&post=539"},{"taxonomy":"post_tag","embeddable":true,"href":"https:\/\/sectorteruel.salud.aragon.es\/index.php?rest_route=%2Fwp%2Fv2%2Ftags&post=539"}],"curies":[{"name":"wp","href":"https:\/\/api.w.org\/{rel}","templated":true}]}}