{"id":580,"date":"2025-03-26T14:38:54","date_gmt":"2025-03-26T13:38:54","guid":{"rendered":"http:\/\/sectorteruel.salud.aragon.es\/\/?p=580"},"modified":"2025-04-10T14:08:23","modified_gmt":"2025-04-10T12:08:23","slug":"residentes","status":"publish","type":"post","link":"https:\/\/sectorteruel.salud.aragon.es\/?p=580","title":{"rendered":"Residentes"},"content":{"rendered":"\n<div class=\"gap-xl contenedor\">\n<div class=\"elsidebar\">\n<nav data-module=\"c-menu-vertical\" aria-label=\"Menu vertical\" class=\"sidebar-entradas\">\n  <ul class=\"text-base\">\n    <li class=\"my-base break-inside-avoid-column\">\n      <a id=\"parent-example-item-1\" href=\"https:\/\/sectorteruel.salud.aragon.es\/?p=17\" class=\"block px-xs  focus:bg-warning-base focus:outline-none focus:shadow-outline-focus focus:text-black hover:text-primary-base hover:underline\">\n        Introducci\u00f3n\n      <\/a>\n      <ul aria-labelledby=\"parent-example-item-1\" class=\"ul-circulo\">\n        <li class=\"m-base origin-top-left text-sm\">\n          <a id=\"sub-parent-example-item-1-1\" href=\"https:\/\/sectorteruel.salud.aragon.es\/?p=578\" class=\"block px-xs hover:text-primary-base hover:underline focus:bg-warning-base focus:outline-none focus:shadow-outline-focus focus:text-black\">\n            Comisi\u00f3n de Docencia\n          <\/a>\n        <\/li>\n        <li class=\"m-base origin-top-left text-sm\">\n          <a id=\"sub-parent-example-item-1-2\" href=\"https:\/\/sectorteruel.salud.aragon.es\/?p=580\" class=\"block px-xs hover:text-primary-base hover:underline focus:bg-warning-base focus:outline-none focus:shadow-outline-focus focus:text-black\">\n            <strong>Residentes<\/strong>\n          <\/a>\n        <\/li>\n        <li class=\"m-base origin-top-left text-sm\">\n          <a id=\"sub-parent-example-item-1-3\" href=\"https:\/\/sectorteruel.salud.aragon.es\/?p=582\" class=\"block px-xs hover:text-primary-base hover:underline focus:bg-warning-base focus:outline-none focus:shadow-outline-focus focus:text-black\">\n           Gu\u00edas de acogida\n          <\/a>\n        <\/li>\n        <li class=\"m-base origin-top-left text-sm\">\n          <a id=\"sub-parent-example-item-1-3\" href=\"https:\/\/sectorteruel.salud.aragon.es\/?p=584\" class=\"block px-xs hover:text-primary-base hover:underline focus:bg-warning-base focus:outline-none focus:shadow-outline-focus focus:text-black\">\n            Actividad C.de Docencia\n          <\/a>\n        <\/li>\n <li class=\"m-base origin-top-left text-sm\">\n          <a id=\"sub-parent-example-item-1-3\" href=\"https:\/\/sectorteruel.salud.aragon.es\/?p=586\" class=\"block px-xs hover:text-primary-base hover:underline focus:bg-warning-base focus:outline-none focus:shadow-outline-focus focus:text-black\">\n            Legislaci\u00f3n\n          <\/a>\n        <\/li>\n <li class=\"m-base origin-top-left text-sm\">\n          <a id=\"sub-parent-example-item-1-3\" href=\"https:\/\/sectorteruel.salud.aragon.es\/?p=588\" class=\"block px-xs hover:text-primary-base hover:underline focus:bg-warning-base focus:outline-none focus:shadow-outline-focus focus:text-black\">\n            Jefe Docencia\n          <\/a>\n        <\/li>\n <li class=\"m-base origin-top-left text-sm\">\n          <a id=\"sub-parent-example-item-1-3\" href=\"https:\/\/sectorteruel.salud.aragon.es\/?p=590\" class=\"block px-xs hover:text-primary-base hover:underline focus:bg-warning-base focus:outline-none focus:shadow-outline-focus focus:text-black\">\n            Reglamento\n          <\/a>\n        <\/li>\n      <\/ul>\n    <\/li>\n  <\/ul>\n<\/nav>\n<\/div>\n<!-- Principio del contenido -->\n<div class=\"elcontenido\">\n<div class=\"titulos\">\n\n<h2 class=\"wp-block-heading has-large-font-size\" style=\"color: #164969;\">Listado residentes curso 2024-2025<\/h2>\n\n<\/div>\n\n\n<h2 class=\"wp-block-heading\" style=\"font-size:24px; color: #164969;\" style=\"\">MIR Medicina Familiar y Comunitaria:<\/h2>\n\n\n\n<p>R1: Elena Chernikova Chernikova, Blanca Karina Garc\u00eda Raya, Estefan\u00eda Soto Astacio<br>R2: Jean Franco Miguez Moya, Llibertat Monsonis P\u00e9rez, Alberto Mu\u00f1oz Vos<br>R3: Alejandro Abad Collados, Angela Parrilla Sanz, Alicia Pina Sarri\u00f3n, Paloma Terrer Fos, Yi Jun Wu Wang<br>R4: Marina Aspas Requena, Juan Miguel Guerola P\u00e9rez, Brahim Moh-Salem, Oleksii Riazanov<\/p>\n\n\n\n<h2 class=\"wp-block-heading\" style=\"font-size:24px; color: #164969;\" style=\"\">MIR Cirug\u00eda General y Aparato Digestivo:<\/h2>\n\n\n\n<p>R1: Francisco Luis Carrillo Trabalon<br>R3: Pedro Pablo Stredel Russian<br>R5: El Mostafa El Yaqine<\/p>\n\n\n\n<h2 class=\"wp-block-heading\" style=\"font-size:24px; color: #164969;\" style=\"\">MIR Cirug\u00eda Ortop\u00e9dica y Traumatolog\u00eda:<\/h2>\n\n\n\n<p>R1: Ismael Mar\u00edn Cebrian<br>R2: Marina Compte Vives<br>R3: Jorge Luis De la Fuente Gonzalez<br>R4: Natalia Barberena Turrau<br>R5: Alberto Planas Gil<\/p>\n\n\n\n<h2 class=\"wp-block-heading\" style=\"font-size:24px; color: #164969;\" style=\"\">MIR Medicina Interna:<\/h2>\n\n\n\n<p>R1: Wendy Carolina Fajardo Rivera<br>R2: Sara Ferrando Garc\u00eda<br>R3: Mar\u00eda del Pilar Rodr\u00edguez Bruna<br>R4: Ignacio Valles Tormo<br>R5: Ignacio Lasierra Lavilla<\/p>\n\n\n\n<h2 class=\"wp-block-heading\" style=\"font-size:24px; color: #164969;\" style=\"\">MIR Psiquiatr\u00eda:<\/h2>\n\n\n\n<p>R1: Luc\u00eda Ros P\u00e9rez-Salamero<br>R2: Mar\u00eda Albors Rossi<br>R3: Laura Prieto Arenas<br>R4: Pablo De Fez Febre<\/p>\n\n\n\n<h2 class=\"wp-block-heading\" style=\"font-size:24px; color: #164969;\" style=\"\">MIR Psicolog\u00eda Cl\u00ednica:<\/h2>\n\n\n\n<p>PIR1: Selene Ramos Toledo<br>PIR2: Elena Bouberbouche Moreno<br>PIR3: Raquel Brinquis Seco<br>PIR4: Sheila Fernandez Navarro<br>PIR4: Laura Huerta Melus<\/p>\n\n\n\n<h2 class=\"wp-block-heading\" style=\"font-size:24px; color: #164969;\" style=\"\">MIR Geriatr\u00eda:<\/h2>\n\n\n\n<p>R2: Alfonso Noblejas Toril<br>R3: Mar\u00eda Bernardino Cano<\/p>\n\n\n\n<h2 class=\"wp-block-heading\" style=\"font-size:24px; color: #164969;\" style=\"\">EIR de Geriatr\u00eda:<\/h2>\n\n\n\n<p>EIR1: Amanda Orta Toledo<br>EIR2: Raquel Barrera Lozano<\/p>\n\n\n\n<h2 class=\"wp-block-heading\" style=\"font-size:24px; color: #164969;\" style=\"\">EIR de Salud Mental:<\/h2>\n\n\n\n<p>EIR1: Nerea Mart\u00edn Sang\u00fcesa, Isabel Pilar Ros Cardo, Paula Nerea Navarro Palacio<br>EIR2: Irene Ponz Martinez y Mar\u00eda Millan Taratiel<\/p>\n\n<\/div>\n<!-- \/Fin del contenido -->\n\n","protected":false},"excerpt":{"rendered":"<p>Introducci\u00f3n Comisi\u00f3n de Docencia Residentes Gu\u00edas de acogida Actividad C.de Docencia Legislaci\u00f3n Jefe Docencia Reglamento Listado residentes curso 2024-2025 MIR Medicina Familiar y Comunitaria: R1: Elena Chernikova Chernikova, Blanca Karina Garc\u00eda Raya, Estefan\u00eda Soto AstacioR2: Jean Franco Miguez Moya, Llibertat Monsonis P\u00e9rez, Alberto Mu\u00f1oz VosR3: Alejandro Abad Collados, Angela Parrilla Sanz, Alicia Pina Sarri\u00f3n, Paloma [&hellip;]<\/p>\n","protected":false},"author":1,"featured_media":0,"comment_status":"closed","ping_status":"open","sticky":false,"template":"","format":"standard","meta":{"footnotes":""},"categories":[13,7],"tags":[],"class_list":["post-580","post","type-post","status-publish","format-standard","hentry","category-docencia","category-subentrada"],"_links":{"self":[{"href":"https:\/\/sectorteruel.salud.aragon.es\/index.php?rest_route=\/wp\/v2\/posts\/580","targetHints":{"allow":["GET"]}}],"collection":[{"href":"https:\/\/sectorteruel.salud.aragon.es\/index.php?rest_route=\/wp\/v2\/posts"}],"about":[{"href":"https:\/\/sectorteruel.salud.aragon.es\/index.php?rest_route=\/wp\/v2\/types\/post"}],"author":[{"embeddable":true,"href":"https:\/\/sectorteruel.salud.aragon.es\/index.php?rest_route=\/wp\/v2\/users\/1"}],"replies":[{"embeddable":true,"href":"https:\/\/sectorteruel.salud.aragon.es\/index.php?rest_route=%2Fwp%2Fv2%2Fcomments&post=580"}],"version-history":[{"count":6,"href":"https:\/\/sectorteruel.salud.aragon.es\/index.php?rest_route=\/wp\/v2\/posts\/580\/revisions"}],"predecessor-version":[{"id":1172,"href":"https:\/\/sectorteruel.salud.aragon.es\/index.php?rest_route=\/wp\/v2\/posts\/580\/revisions\/1172"}],"wp:attachment":[{"href":"https:\/\/sectorteruel.salud.aragon.es\/index.php?rest_route=%2Fwp%2Fv2%2Fmedia&parent=580"}],"wp:term":[{"taxonomy":"category","embeddable":true,"href":"https:\/\/sectorteruel.salud.aragon.es\/index.php?rest_route=%2Fwp%2Fv2%2Fcategories&post=580"},{"taxonomy":"post_tag","embeddable":true,"href":"https:\/\/sectorteruel.salud.aragon.es\/index.php?rest_route=%2Fwp%2Fv2%2Ftags&post=580"}],"curies":[{"name":"wp","href":"https:\/\/api.w.org\/{rel}","templated":true}]}}