{"id":582,"date":"2025-03-26T14:39:23","date_gmt":"2025-03-26T13:39:23","guid":{"rendered":"http:\/\/sectorteruel.salud.aragon.es\/\/?p=582"},"modified":"2025-04-10T14:08:42","modified_gmt":"2025-04-10T12:08:42","slug":"guias-de-acogida-3","status":"publish","type":"post","link":"https:\/\/sectorteruel.salud.aragon.es\/?p=582","title":{"rendered":"Gu\u00edas de acogida"},"content":{"rendered":"\n<div class=\"gap-xl contenedor\">\n<div class=\"elsidebar\">\n<nav data-module=\"c-menu-vertical\" aria-label=\"Menu vertical\" class=\"sidebar-entradas\">\n  <ul class=\"text-base\">\n    <li class=\"my-base break-inside-avoid-column\">\n      <a id=\"parent-example-item-1\" href=\"https:\/\/sectorteruel.salud.aragon.es\/?p=17\" class=\"block px-xs  focus:bg-warning-base focus:outline-none focus:shadow-outline-focus focus:text-black hover:text-primary-base hover:underline\">\n        Introducci\u00f3n\n      <\/a>\n      <ul aria-labelledby=\"parent-example-item-1\" class=\"ul-circulo\">\n        <li class=\"m-base origin-top-left text-sm\">\n          <a id=\"sub-parent-example-item-1-1\" href=\"https:\/\/sectorteruel.salud.aragon.es\/?p=578\" class=\"block px-xs hover:text-primary-base hover:underline focus:bg-warning-base focus:outline-none focus:shadow-outline-focus focus:text-black\">\n            Comisi\u00f3n de Docencia\n          <\/a>\n        <\/li>\n        <li class=\"m-base origin-top-left text-sm\">\n          <a id=\"sub-parent-example-item-1-2\" href=\"https:\/\/sectorteruel.salud.aragon.es\/?p=580\" class=\"block px-xs hover:text-primary-base hover:underline focus:bg-warning-base focus:outline-none focus:shadow-outline-focus focus:text-black\">\n            Residentes\n          <\/a>\n        <\/li>\n        <li class=\"m-base origin-top-left text-sm\">\n          <a id=\"sub-parent-example-item-1-3\" href=\"https:\/\/sectorteruel.salud.aragon.es\/?p=582\" class=\"block px-xs hover:text-primary-base hover:underline focus:bg-warning-base focus:outline-none focus:shadow-outline-focus focus:text-black\">\n           <strong>Gu\u00edas de acogida<\/strong>\n          <\/a>\n        <\/li>\n        <li class=\"m-base origin-top-left text-sm\">\n          <a id=\"sub-parent-example-item-1-3\" href=\"https:\/\/sectorteruel.salud.aragon.es\/?p=584\" class=\"block px-xs hover:text-primary-base hover:underline focus:bg-warning-base focus:outline-none focus:shadow-outline-focus focus:text-black\">\n            Actividad C.de Docencia\n          <\/a>\n        <\/li>\n <li class=\"m-base origin-top-left text-sm\">\n          <a id=\"sub-parent-example-item-1-3\" href=\"https:\/\/sectorteruel.salud.aragon.es\/?p=586\" class=\"block px-xs hover:text-primary-base hover:underline focus:bg-warning-base focus:outline-none focus:shadow-outline-focus focus:text-black\">\n            Legislaci\u00f3n\n          <\/a>\n        <\/li>\n <li class=\"m-base origin-top-left text-sm\">\n          <a id=\"sub-parent-example-item-1-3\" href=\"https:\/\/sectorteruel.salud.aragon.es\/?p=588\" class=\"block px-xs hover:text-primary-base hover:underline focus:bg-warning-base focus:outline-none focus:shadow-outline-focus focus:text-black\">\n            Jefe Docencia\n          <\/a>\n        <\/li>\n <li class=\"m-base origin-top-left text-sm\">\n          <a id=\"sub-parent-example-item-1-3\" href=\"https:\/\/sectorteruel.salud.aragon.es\/?p=590\" class=\"block px-xs hover:text-primary-base hover:underline focus:bg-warning-base focus:outline-none focus:shadow-outline-focus focus:text-black\">\n            Reglamento\n          <\/a>\n        <\/li>\n      <\/ul>\n    <\/li>\n  <\/ul>\n<\/nav>\n<\/div>\n<!-- Principio del contenido -->\n<div class=\"elcontenido\">\n<div class=\"titulos\">\n\n<h2 class=\"wp-block-heading has-large-font-size\" style=\"color: #164969;\">Gu\u00edas de acogida<\/h2>\n\n<\/div>\n\n\n<p>Hospital<\/p>\n\n\n\n<p><a href=\"https:\/\/sectorteruel.salud.aragon.es\/\/wp-content\/uploads\/2025\/03\/LIBRO-ACOGIDA-MIR-HOP-2024-25.pdf\"><img decoding=\"async\" src=\"https:\/\/sectorteruel.salud.aragon.es\/\/wp-content\/uploads\/2025\/03\/iconoPDF.gif\" class=\"icono-pdf\"> Libro de acogida 2024-25<\/a><\/p>\n\n\n\n<h2 class=\"wp-block-heading\" style=\"font-size:24px; color: #164969;\" style=\"\">Cirug\u00eda General y Aparato Digestivo<\/h2>\n\n\n\n<p><a href=\"https:\/\/sectorteruel.salud.aragon.es\/\/wp-content\/uploads\/2025\/03\/CIR-GUIA-DE-ACOGIDA.pdf\"><img decoding=\"async\" src=\"https:\/\/sectorteruel.salud.aragon.es\/\/wp-content\/uploads\/2025\/03\/iconoPDF.gif\" class=\"icono-pdf\"> Gu\u00eda<\/a><\/p>\n\n\n\n<p><a href=\"https:\/\/sectorteruel.salud.aragon.es\/\/wp-content\/uploads\/2025\/03\/CIR-ITINERARIO-FORMATIVO-2024-29.pdf\"><img decoding=\"async\" src=\"https:\/\/sectorteruel.salud.aragon.es\/\/wp-content\/uploads\/2025\/03\/iconoPDF.gif\" class=\"icono-pdf\"> Itinerario Formativo<\/a><\/p>\n\n\n\n<h2 class=\"wp-block-heading\" style=\"font-size:24px; color: #164969;\" style=\"\">Cirug\u00eda Ortop\u00e9dica y Traumatolog\u00eda<\/h2>\n\n\n\n<p><a href=\"https:\/\/sectorteruel.salud.aragon.es\/\/wp-content\/uploads\/2025\/03\/COT-GUIA-ACOGIDA-2024-2025.pdf\"><img decoding=\"async\" src=\"https:\/\/sectorteruel.salud.aragon.es\/\/wp-content\/uploads\/2025\/03\/iconoPDF.gif\" class=\"icono-pdf\"> Gu\u00eda<\/a><\/p>\n\n\n\n<p><a href=\"https:\/\/sectorteruel.salud.aragon.es\/\/wp-content\/uploads\/2025\/03\/COT-ITINERARIO-FORMATIVO-2024-2029.pdf\"><img decoding=\"async\" src=\"https:\/\/sectorteruel.salud.aragon.es\/\/wp-content\/uploads\/2025\/03\/iconoPDF.gif\" class=\"icono-pdf\"> Itinerario Formativo<\/a><\/p>\n\n\n\n<h2 class=\"wp-block-heading\" style=\"font-size:24px; color: #164969;\" style=\"\">Geriatr\u00eda<\/h2>\n\n\n\n<p><a href=\"https:\/\/sectorteruel.salud.aragon.es\/\/wp-content\/uploads\/2025\/03\/IF-Tipo-MIR-Geriatria-Hospital-San-Jose.pdf\"><img decoding=\"async\" src=\"https:\/\/sectorteruel.salud.aragon.es\/\/wp-content\/uploads\/2025\/03\/iconoPDF.gif\" class=\"icono-pdf\"> Itinerario Formativo<\/a><\/p>\n\n\n\n<h2 class=\"wp-block-heading\" style=\"font-size:24px; color: #164969;\" style=\"\">Medicina Interna<\/h2>\n\n\n\n<p><a href=\"https:\/\/sectorteruel.salud.aragon.es\/\/wp-content\/uploads\/2025\/03\/MI-GUIA-DE-ACOGIDA.pdf\"><img decoding=\"async\" src=\"https:\/\/sectorteruel.salud.aragon.es\/\/wp-content\/uploads\/2025\/03\/iconoPDF.gif\" class=\"icono-pdf\"> Gu\u00eda<\/a><\/p>\n\n\n\n<p><a href=\"https:\/\/sectorteruel.salud.aragon.es\/\/wp-content\/uploads\/2025\/03\/MI-ITINERARIO-FORMATIVO.pdf\"><img decoding=\"async\" src=\"https:\/\/sectorteruel.salud.aragon.es\/\/wp-content\/uploads\/2025\/03\/iconoPDF.gif\" class=\"icono-pdf\"> Itinerario Formativo<\/a><\/p>\n\n\n\n<h2 class=\"wp-block-heading\" style=\"font-size:24px; color: #164969;\" style=\"\">Psiquiatr\u00eda<\/h2>\n\n\n\n<p><a href=\"https:\/\/sectorteruel.salud.aragon.es\/\/wp-content\/uploads\/2025\/03\/PSQ-GUIA-DE-ACOGIDA-2020.pdf\"><img decoding=\"async\" src=\"https:\/\/sectorteruel.salud.aragon.es\/\/wp-content\/uploads\/2025\/03\/iconoPDF.gif\" class=\"icono-pdf\"> Gu\u00eda<\/a><\/p>\n\n\n\n<p><a href=\"https:\/\/sectorteruel.salud.aragon.es\/\/wp-content\/uploads\/2025\/03\/PSQ-ITINERARIO-FORMATIVO-2020-24.pdf\"><img decoding=\"async\" src=\"https:\/\/sectorteruel.salud.aragon.es\/\/wp-content\/uploads\/2025\/03\/iconoPDF.gif\" class=\"icono-pdf\"> Itinerario Formativo<\/a><\/p>\n\n\n\n<h2 class=\"wp-block-heading\" style=\"font-size:24px; color: #164969;\" style=\"\">Psicolog\u00eda Cl\u00ednica<\/h2>\n\n\n<p><a href=\"https:\/\/sectorteruel.salud.aragon.es\/\/wp-content\/uploads\/2025\/03\/PSICOL-LIBRO-ACOGIDA-PIR-2020.pdf\"><img decoding=\"async\" src=\"https:\/\/sectorteruel.salud.aragon.es\/\/wp-content\/uploads\/2025\/03\/iconoPDF.gif\" class=\"icono-pdf\"> Gu\u00eda<\/a><\/p>\n\n\n\n<p><a href=\"https:\/\/sectorteruel.salud.aragon.es\/\/wp-content\/uploads\/2025\/03\/GIFT-PIR.pdf\"><img decoding=\"async\" src=\"https:\/\/sectorteruel.salud.aragon.es\/\/wp-content\/uploads\/2025\/03\/iconoPDF.gif\" class=\"icono-pdf\"> Itinerario Formativo<\/a><\/p>\n\n\n\n<h2 class=\"wp-block-heading\" style=\"font-size:24px; color: #164969;\" style=\"\">EIR Geriatr\u00eda<\/h2>\n\n\n\n<p><a href=\"https:\/\/sectorteruel.salud.aragon.es\/\/wp-content\/uploads\/2025\/03\/IF-tipo-EIR-Geriatria-Hospital-San-Jose.pdf\"><img decoding=\"async\" src=\"https:\/\/sectorteruel.salud.aragon.es\/\/wp-content\/uploads\/2025\/03\/iconoPDF.gif\" class=\"icono-pdf\"> Itinerario Formativo<\/a><\/p>\n\n\n\n<h2 class=\"wp-block-heading\" style=\"font-size:24px; color: #164969;\" style=\"\">EIR Salud Mental<\/h2>\n\n\n\n<p><a href=\"https:\/\/sectorteruel.salud.aragon.es\/\/wp-content\/uploads\/2025\/03\/GIFT-ENFERMERO-RESIDENTE-EN-SALUDMENTAL-2020-22.pdf\"><img decoding=\"async\" src=\"https:\/\/sectorteruel.salud.aragon.es\/\/wp-content\/uploads\/2025\/03\/iconoPDF.gif\" class=\"icono-pdf\"> Itinerario Formativo<\/a><\/p>\n\n<\/div>\n<!-- \/Fin del contenido -->\n\n","protected":false},"excerpt":{"rendered":"<p>Introducci\u00f3n Comisi\u00f3n de Docencia Residentes Gu\u00edas de acogida Actividad C.de Docencia Legislaci\u00f3n Jefe Docencia Reglamento Gu\u00edas de acogida Hospital Libro de acogida 2024-25 Cirug\u00eda General y Aparato Digestivo Gu\u00eda Itinerario Formativo Cirug\u00eda Ortop\u00e9dica y Traumatolog\u00eda Gu\u00eda Itinerario Formativo Geriatr\u00eda Itinerario Formativo Medicina Interna Gu\u00eda Itinerario Formativo Psiquiatr\u00eda Gu\u00eda Itinerario Formativo Psicolog\u00eda Cl\u00ednica Gu\u00eda Itinerario Formativo [&hellip;]<\/p>\n","protected":false},"author":1,"featured_media":0,"comment_status":"closed","ping_status":"open","sticky":false,"template":"","format":"standard","meta":{"footnotes":""},"categories":[13,7],"tags":[],"class_list":["post-582","post","type-post","status-publish","format-standard","hentry","category-docencia","category-subentrada"],"_links":{"self":[{"href":"https:\/\/sectorteruel.salud.aragon.es\/index.php?rest_route=\/wp\/v2\/posts\/582","targetHints":{"allow":["GET"]}}],"collection":[{"href":"https:\/\/sectorteruel.salud.aragon.es\/index.php?rest_route=\/wp\/v2\/posts"}],"about":[{"href":"https:\/\/sectorteruel.salud.aragon.es\/index.php?rest_route=\/wp\/v2\/types\/post"}],"author":[{"embeddable":true,"href":"https:\/\/sectorteruel.salud.aragon.es\/index.php?rest_route=\/wp\/v2\/users\/1"}],"replies":[{"embeddable":true,"href":"https:\/\/sectorteruel.salud.aragon.es\/index.php?rest_route=%2Fwp%2Fv2%2Fcomments&post=582"}],"version-history":[{"count":6,"href":"https:\/\/sectorteruel.salud.aragon.es\/index.php?rest_route=\/wp\/v2\/posts\/582\/revisions"}],"predecessor-version":[{"id":1173,"href":"https:\/\/sectorteruel.salud.aragon.es\/index.php?rest_route=\/wp\/v2\/posts\/582\/revisions\/1173"}],"wp:attachment":[{"href":"https:\/\/sectorteruel.salud.aragon.es\/index.php?rest_route=%2Fwp%2Fv2%2Fmedia&parent=582"}],"wp:term":[{"taxonomy":"category","embeddable":true,"href":"https:\/\/sectorteruel.salud.aragon.es\/index.php?rest_route=%2Fwp%2Fv2%2Fcategories&post=582"},{"taxonomy":"post_tag","embeddable":true,"href":"https:\/\/sectorteruel.salud.aragon.es\/index.php?rest_route=%2Fwp%2Fv2%2Ftags&post=582"}],"curies":[{"name":"wp","href":"https:\/\/api.w.org\/{rel}","templated":true}]}}