{"id":584,"date":"2025-03-26T14:39:42","date_gmt":"2025-03-26T13:39:42","guid":{"rendered":"http:\/\/sectorteruel.salud.aragon.es\/\/?p=584"},"modified":"2025-04-10T14:08:59","modified_gmt":"2025-04-10T12:08:59","slug":"actividad-c-de-docencia","status":"publish","type":"post","link":"https:\/\/sectorteruel.salud.aragon.es\/?p=584","title":{"rendered":"Actividad C.de Docencia"},"content":{"rendered":"\n<div class=\"gap-xl contenedor\">\n<div class=\"elsidebar\">\n<nav data-module=\"c-menu-vertical\" aria-label=\"Menu vertical\" class=\"sidebar-entradas\">\n  <ul class=\"text-base\">\n    <li class=\"my-base break-inside-avoid-column\">\n      <a id=\"parent-example-item-1\" href=\"https:\/\/sectorteruel.salud.aragon.es\/?p=17\" class=\"block px-xs  focus:bg-warning-base focus:outline-none focus:shadow-outline-focus focus:text-black hover:text-primary-base hover:underline\">\n        Introducci\u00f3n\n      <\/a>\n      <ul aria-labelledby=\"parent-example-item-1\" class=\"ul-circulo\">\n        <li class=\"m-base origin-top-left text-sm\">\n          <a id=\"sub-parent-example-item-1-1\" href=\"https:\/\/sectorteruel.salud.aragon.es\/?p=578\" class=\"block px-xs hover:text-primary-base hover:underline focus:bg-warning-base focus:outline-none focus:shadow-outline-focus focus:text-black\">\n            Comisi\u00f3n de Docencia\n          <\/a>\n        <\/li>\n        <li class=\"m-base origin-top-left text-sm\">\n          <a id=\"sub-parent-example-item-1-2\" href=\"https:\/\/sectorteruel.salud.aragon.es\/?p=580\" class=\"block px-xs hover:text-primary-base hover:underline focus:bg-warning-base focus:outline-none focus:shadow-outline-focus focus:text-black\">\n            Residentes\n          <\/a>\n        <\/li>\n        <li class=\"m-base origin-top-left text-sm\">\n          <a id=\"sub-parent-example-item-1-3\" href=\"https:\/\/sectorteruel.salud.aragon.es\/?p=582\" class=\"block px-xs hover:text-primary-base hover:underline focus:bg-warning-base focus:outline-none focus:shadow-outline-focus focus:text-black\">\n           Gu\u00edas de acogida\n          <\/a>\n        <\/li>\n        <li class=\"m-base origin-top-left text-sm\">\n          <a id=\"sub-parent-example-item-1-3\" href=\"https:\/\/sectorteruel.salud.aragon.es\/?p=584\" class=\"block px-xs hover:text-primary-base hover:underline focus:bg-warning-base focus:outline-none focus:shadow-outline-focus focus:text-black\">\n            <strong>Actividad C.de Docencia<\/strong>\n          <\/a>\n        <\/li>\n <li class=\"m-base origin-top-left text-sm\">\n          <a id=\"sub-parent-example-item-1-3\" href=\"https:\/\/sectorteruel.salud.aragon.es\/?p=586\" class=\"block px-xs hover:text-primary-base hover:underline focus:bg-warning-base focus:outline-none focus:shadow-outline-focus focus:text-black\">\n            Legislaci\u00f3n\n          <\/a>\n        <\/li>\n <li class=\"m-base origin-top-left text-sm\">\n          <a id=\"sub-parent-example-item-1-3\" href=\"https:\/\/sectorteruel.salud.aragon.es\/?p=588\" class=\"block px-xs hover:text-primary-base hover:underline focus:bg-warning-base focus:outline-none focus:shadow-outline-focus focus:text-black\">\n            Jefe Docencia\n          <\/a>\n        <\/li>\n <li class=\"m-base origin-top-left text-sm\">\n          <a id=\"sub-parent-example-item-1-3\" href=\"https:\/\/sectorteruel.salud.aragon.es\/?p=590\" class=\"block px-xs hover:text-primary-base hover:underline focus:bg-warning-base focus:outline-none focus:shadow-outline-focus focus:text-black\">\n            Reglamento\n          <\/a>\n        <\/li>\n      <\/ul>\n    <\/li>\n  <\/ul>\n<\/nav>\n<\/div>\n<!-- Principio del contenido -->\n<div class=\"elcontenido\">\n<div class=\"titulos\">\n\n<h2 class=\"wp-block-heading has-large-font-size\" style=\"color: #164969;\">Actividades principales de la Comisi\u00f3n de Docencia<\/h2>\n\n<\/div>\n\n\n<p>1.- Participaci\u00f3n en la Elaboraci\u00f3n del Documento Definitivo sobre Necesidades en Formaci\u00f3n de M\u00e9dicos Especialistas en la Comunidad Aut\u00f3noma de Arag\u00f3n:<\/p>\n\n\n\n<p>2.- Participaci\u00f3n en el Plan de Formaci\u00f3n Com\u00fan para MIR de la Comunidad Aut\u00f3noma de Arag\u00f3n (Plan Transversal).<\/p>\n\n\n\n<p>3.- Participaci\u00f3n en la Convocatoria de los Premios a los M\u00e9dicos Internos Residentes Excelentes<\/p>\n\n\n\n<p>4.- Participaci\u00f3n como Docentes en la oferta p\u00fablica de Formaci\u00f3n del Salud.<\/p>\n\n\n\n<p>5.- Desarrollo y entrega por parte de los Tutores de los Planes individuales de Formaci\u00f3n, donde se planifica la actividad del a\u00f1o siguiente.<\/p>\n\n\n\n<p>6.- Desarrollo y entrega de las Memorias Individuales y por servicios docentes.<\/p>\n\n\n\n<p>7.- Registro de actividades Cient\u00edficas de los MIR, centralizadas en la Comisi\u00f3n de Docencia<\/p>\n\n\n\n<p>8.- Comunicaci\u00f3n fluida y completa con los MIR y Tutores responsables a trav\u00e9s del Correo electr\u00f3nico, notificando la oferta formativa as\u00ed como aspectos relacionados con la Docencia y actividades del Centro<\/p>\n\n\n\n<p>9.- Colaboraci\u00f3n con el Departamento de Planificaci\u00f3n y recursos Humanos, mediante la herramienta de correo electr\u00f3nico en la elaboraci\u00f3n de bases de datos necesarias para una adecuada geost\u00edon de recursos.<\/p>\n\n\n\n<p>10.- Comunicaci\u00f3n fluida y completa con los MIR y Tutores responsables a trav\u00e9s del Correo electr\u00f3nico, notificando la oferta formativa, as\u00ed como todos los aspectos relacionados con la Docencia y actividades del Centro<\/p>\n\n<\/div>\n<!-- \/Fin del contenido -->\n\n","protected":false},"excerpt":{"rendered":"<p>Introducci\u00f3n Comisi\u00f3n de Docencia Residentes Gu\u00edas de acogida Actividad C.de Docencia Legislaci\u00f3n Jefe Docencia Reglamento Actividades principales de la Comisi\u00f3n de Docencia 1.- Participaci\u00f3n en la Elaboraci\u00f3n del Documento Definitivo sobre Necesidades en Formaci\u00f3n de M\u00e9dicos Especialistas en la Comunidad Aut\u00f3noma de Arag\u00f3n: 2.- Participaci\u00f3n en el Plan de Formaci\u00f3n Com\u00fan para MIR de la [&hellip;]<\/p>\n","protected":false},"author":1,"featured_media":0,"comment_status":"closed","ping_status":"open","sticky":false,"template":"","format":"standard","meta":{"footnotes":""},"categories":[13,7],"tags":[],"class_list":["post-584","post","type-post","status-publish","format-standard","hentry","category-docencia","category-subentrada"],"_links":{"self":[{"href":"https:\/\/sectorteruel.salud.aragon.es\/index.php?rest_route=\/wp\/v2\/posts\/584","targetHints":{"allow":["GET"]}}],"collection":[{"href":"https:\/\/sectorteruel.salud.aragon.es\/index.php?rest_route=\/wp\/v2\/posts"}],"about":[{"href":"https:\/\/sectorteruel.salud.aragon.es\/index.php?rest_route=\/wp\/v2\/types\/post"}],"author":[{"embeddable":true,"href":"https:\/\/sectorteruel.salud.aragon.es\/index.php?rest_route=\/wp\/v2\/users\/1"}],"replies":[{"embeddable":true,"href":"https:\/\/sectorteruel.salud.aragon.es\/index.php?rest_route=%2Fwp%2Fv2%2Fcomments&post=584"}],"version-history":[{"count":4,"href":"https:\/\/sectorteruel.salud.aragon.es\/index.php?rest_route=\/wp\/v2\/posts\/584\/revisions"}],"predecessor-version":[{"id":1174,"href":"https:\/\/sectorteruel.salud.aragon.es\/index.php?rest_route=\/wp\/v2\/posts\/584\/revisions\/1174"}],"wp:attachment":[{"href":"https:\/\/sectorteruel.salud.aragon.es\/index.php?rest_route=%2Fwp%2Fv2%2Fmedia&parent=584"}],"wp:term":[{"taxonomy":"category","embeddable":true,"href":"https:\/\/sectorteruel.salud.aragon.es\/index.php?rest_route=%2Fwp%2Fv2%2Fcategories&post=584"},{"taxonomy":"post_tag","embeddable":true,"href":"https:\/\/sectorteruel.salud.aragon.es\/index.php?rest_route=%2Fwp%2Fv2%2Ftags&post=584"}],"curies":[{"name":"wp","href":"https:\/\/api.w.org\/{rel}","templated":true}]}}